{"id":5348,"date":"2023-05-19T15:20:51","date_gmt":"2023-05-19T13:20:51","guid":{"rendered":"https:\/\/agora.xtec.cat\/zerebre\/?p=5348"},"modified":"2023-05-19T15:20:51","modified_gmt":"2023-05-19T13:20:51","slug":"col%c2%b7laborem-amb-la-festa-de-sant-isidre","status":"publish","type":"post","link":"https:\/\/agora.xtec.cat\/zerebre\/celebracions-lp\/col%c2%b7laborem-amb-la-festa-de-sant-isidre\/","title":{"rendered":"COL\u00b7LABOREM AMB LA FESTA DE SANT ISIDRE"},"content":{"rendered":"<p><span style=\"font-weight: 400;\">Sant Isidre \u00e9s el patr\u00f3 dels pagesos i \u00e9s dia festiu a La Palma d&#8217;Ebre. <\/span><\/p>\n<p><span style=\"font-weight: 400;\">Ja fa una bona pila d&#8217;anys que l&#8217;escola col\u00b7labora amb la Cooperativa Agr\u00edcola realitzant una exposici\u00f3 de treballs relacionats amb el m\u00f3n de la pagesia. Enguany l&#8217;hem dedicat<\/span><span style=\"font-weight: 400;\"> a l\u2019agricultura de regadiu, de sec\u00e0 i l\u2019hivernacle, que pr\u00e8viament havien treballat <\/span><span style=\"font-weight: 400;\">dins de Medi.<\/span><\/p>\n<p><span style=\"font-weight: 400;\">Es van realitzar una maqueta per a cada tipus d&#8217;agricultura i tamb\u00e9 vam muntar un hivernacle de joguina. Les muntanyes eren oueres pintades i s\u2019hi va enganxar terra i herba pel terra. A la maqueta de regadiu vam fer els bancals amb forexpan, folrats amb pedretes simulant la pedra seca. Amb fang vam fer els cavallons per plantar les verdures realitzades amb plastilina: col-i-flors, espinacs, enciams, tomates, pebrots, pastanagues, alls, cebes, ra\u00efm, cireres, pr\u00e9ssecs, pomes. A la maqueta de sec\u00e0 s\u2019hi va \u201cplantar\u201d oliveres i ametllers, pins, farigola, secanella\u2026<\/span><\/p>\n<p><span style=\"font-weight: 400;\">Vam decorar les parets del passad\u00eds del Local del Centre Cultural i Recreatiu amb les fotos de l\u2019alumnat del proc\u00e9s d\u2019elaboraci\u00f3.<\/span><\/p>\n<p><span style=\"font-weight: 400;\">El dia de la festa,\u00a0 per la tarda, el president de la Cooperativa va fer l\u2019entrega d\u2019un regal per a l\u2019escola en agra\u00efment del treball realitzat: <\/span><\/p>\n<p><span style=\"font-weight: 400;\"><img loading=\"lazy\" decoding=\"async\" class=\" wp-image-5375 alignleft\" src=\"https:\/\/agora.xtec.cat\/zerebre\/wp-content\/uploads\/usu1719\/2023\/05\/paracaigudes-300x142.jpg\" alt=\"\" width=\"386\" height=\"183\" \/><\/span><\/p>\n<p>&nbsp;<\/p>\n<p><span style=\"font-weight: 400;\">un paracaigudes per E.F. <\/span><\/p>\n<p>&nbsp;<\/p>\n<p>&nbsp;<\/p>\n<p>&nbsp;<\/p>\n<p><span style=\"font-weight: 400;\"><img loading=\"lazy\" decoding=\"async\" class=\" wp-image-5376 alignleft\" src=\"https:\/\/agora.xtec.cat\/zerebre\/wp-content\/uploads\/usu1719\/2023\/05\/abecedari-300x251.jpg\" alt=\"\" width=\"221\" height=\"185\" srcset=\"https:\/\/agora.xtec.cat\/zerebre\/wp-content\/uploads\/usu1719\/2023\/05\/abecedari-300x250.jpg 300w, https:\/\/agora.xtec.cat\/zerebre\/wp-content\/uploads\/usu1719\/2023\/05\/abecedari.jpg 401w\" sizes=\"auto, (max-width: 221px) 100vw, 221px\" \/><\/span><\/p>\n<p><span style=\"font-weight: 400;\">un joc de resseguir lletres i n\u00fameros de fusta.<img loading=\"lazy\" decoding=\"async\" class=\" wp-image-5374 alignleft\" src=\"https:\/\/agora.xtec.cat\/zerebre\/wp-content\/uploads\/usu1719\/2023\/05\/numeros-scaled-e1684498583227-225x300.jpg\" alt=\"\" width=\"141\" height=\"188\" srcset=\"https:\/\/agora.xtec.cat\/zerebre\/wp-content\/uploads\/usu1719\/2023\/05\/numeros-scaled-e1684498583227-225x300.jpg 225w, https:\/\/agora.xtec.cat\/zerebre\/wp-content\/uploads\/usu1719\/2023\/05\/numeros-scaled-e1684498583227-769x1024.jpg 769w, https:\/\/agora.xtec.cat\/zerebre\/wp-content\/uploads\/usu1719\/2023\/05\/numeros-scaled-e1684498583227-768x1023.jpg 768w, https:\/\/agora.xtec.cat\/zerebre\/wp-content\/uploads\/usu1719\/2023\/05\/numeros-scaled-e1684498583227-1153x1536.jpg 1153w, https:\/\/agora.xtec.cat\/zerebre\/wp-content\/uploads\/usu1719\/2023\/05\/numeros-scaled-e1684498583227-1538x2048.jpg 1538w, https:\/\/agora.xtec.cat\/zerebre\/wp-content\/uploads\/usu1719\/2023\/05\/numeros-scaled-e1684498583227.jpg 1922w\" sizes=\"auto, (max-width: 141px) 100vw, 141px\" \/><\/span><\/p>\n<p>&nbsp;<\/p>\n<p>&nbsp;<\/p>\n<p>&nbsp;<\/p>\n<p>&nbsp;<\/p>\n<p><img loading=\"lazy\" decoding=\"async\" class=\"wp-image-5373 alignleft\" src=\"https:\/\/agora.xtec.cat\/zerebre\/wp-content\/uploads\/usu1719\/2023\/05\/ampolla-268x300.jpg\" alt=\"\" width=\"171\" height=\"192\" \/><\/p>\n<p>I per a tot l&#8217;alumnat participant, una ampolla d&#8217;aigua reutilitzable i una bossa de xuxes.<\/p>\n<p>&nbsp;<\/p>\n<p>&nbsp;<\/p>\n<p>&nbsp;<\/p>\n<p>&nbsp;<\/p>\n<p><a href=\"https:\/\/drive.google.com\/file\/d\/1bfAWdWxdlmh70WUU77Ni9VtHp6fNzs6B\/view?usp=share_link\"><span style=\"text-decoration: underline;\"><strong>Clicant aqui<\/strong><\/span><\/a>\u00a0 \u00a0 <span style=\"font-family: inherit; font-size: 1em;\">p<\/span><span style=\"font-family: inherit; font-size: 1em;\">ode<\/span><span style=\"font-family: inherit; font-size: 1em;\">u ve<\/span><span style=\"font-family: inherit; font-size: 1em;\">ure les imatges de l&#8217;exposici\u00f3.<\/span><\/p>\n<p><img loading=\"lazy\" decoding=\"async\" class=\" wp-image-5379\" style=\"font-family: inherit; font-size: 1em; font-weight: bold;\" src=\"https:\/\/agora.xtec.cat\/zerebre\/wp-content\/uploads\/usu1719\/2023\/05\/clicar-300x300.jpg\" alt=\"\" width=\"83\" height=\"83\" srcset=\"https:\/\/agora.xtec.cat\/zerebre\/wp-content\/uploads\/usu1719\/2023\/05\/clicar-300x300.jpg 300w, https:\/\/agora.xtec.cat\/zerebre\/wp-content\/uploads\/usu1719\/2023\/05\/clicar-150x150.jpg 150w, https:\/\/agora.xtec.cat\/zerebre\/wp-content\/uploads\/usu1719\/2023\/05\/clicar.jpg 416w\" sizes=\"auto, (max-width: 83px) 100vw, 83px\" \/><\/p>\n","protected":false},"excerpt":{"rendered":"<p>Sant Isidre \u00e9s el patr\u00f3 dels pagesos i \u00e9s dia festiu a La Palma d&#8217;Ebre. Ja fa una bona pila d&#8217;anys que l&#8217;escola col\u00b7labora amb la Cooperativa Agr\u00edcola realitzant una exposici\u00f3 de treballs relacionats amb el m\u00f3n de la pagesia. Enguany l&#8217;hem dedicat a l\u2019agricultura de regadiu, de sec\u00e0 i l\u2019hivernacle, que pr\u00e8viament havien treballat [&hellip;]<\/p>\n","protected":false},"author":8,"featured_media":5353,"comment_status":"open","ping_status":"closed","sticky":true,"template":"","format":"standard","meta":{"_bbp_topic_count":0,"_bbp_reply_count":0,"_bbp_total_topic_count":0,"_bbp_total_reply_count":0,"_bbp_voice_count":0,"_bbp_anonymous_reply_count":0,"_bbp_topic_count_hidden":0,"_bbp_reply_count_hidden":0,"_bbp_forum_subforum_count":0,"site-sidebar-layout":"default","site-content-layout":"","ast-site-content-layout":"","site-content-style":"default","site-sidebar-style":"default","ast-global-header-display":"","ast-banner-title-visibility":"","ast-main-header-display":"","ast-hfb-above-header-display":"","ast-hfb-below-header-display":"","ast-hfb-mobile-header-display":"","site-post-title":"","ast-breadcrumbs-content":"","ast-featured-img":"","footer-sml-layout":"","theme-transparent-header-meta":"","adv-header-id-meta":"","stick-header-meta":"","header-above-stick-meta":"","header-main-stick-meta":"","header-below-stick-meta":"","astra-migrate-meta-layouts":"default","ast-page-background-enabled":"default","ast-page-background-meta":{"desktop":{"background-color":"var(--ast-global-color-4)","background-image":"","background-repeat":"repeat","background-position":"center center","background-size":"auto","background-attachment":"scroll","background-type":"","background-media":"","overlay-type":"","overlay-color":"","overlay-opacity":"","overlay-gradient":""},"tablet":{"background-color":"","background-image":"","background-repeat":"repeat","background-position":"center center","background-size":"auto","background-attachment":"scroll","background-type":"","background-media":"","overlay-type":"","overlay-color":"","overlay-opacity":"","overlay-gradient":""},"mobile":{"background-color":"","background-image":"","background-repeat":"repeat","background-position":"center center","background-size":"auto","background-attachment":"scroll","background-type":"","background-media":"","overlay-type":"","overlay-color":"","overlay-opacity":"","overlay-gradient":""}},"ast-content-background-meta":{"desktop":{"background-color":"var(--ast-global-color-5)","background-image":"","background-repeat":"repeat","background-position":"center center","background-size":"auto","background-attachment":"scroll","background-type":"","background-media":"","overlay-type":"","overlay-color":"","overlay-opacity":"","overlay-gradient":""},"tablet":{"background-color":"var(--ast-global-color-5)","background-image":"","background-repeat":"repeat","background-position":"center center","background-size":"auto","background-attachment":"scroll","background-type":"","background-media":"","overlay-type":"","overlay-color":"","overlay-opacity":"","overlay-gradient":""},"mobile":{"background-color":"var(--ast-global-color-5)","background-image":"","background-repeat":"repeat","background-position":"center center","background-size":"auto","background-attachment":"scroll","background-type":"","background-media":"","overlay-type":"","overlay-color":"","overlay-opacity":"","overlay-gradient":""}},"footnotes":""},"categories":[237,155,149],"tags":[419,444,445,418,338],"class_list":["post-5348","post","type-post","status-publish","format-standard","has-post-thumbnail","hentry","category-activitats","category-amb-lentorn","category-celebracions-lp","tag-cooperativa","tag-curs-22-23","tag-exposicio","tag-sant-isidre","tag-veinat"],"post_mailing_queue_ids":[],"_links":{"self":[{"href":"https:\/\/agora.xtec.cat\/zerebre\/wp-json\/wp\/v2\/posts\/5348","targetHints":{"allow":["GET"]}}],"collection":[{"href":"https:\/\/agora.xtec.cat\/zerebre\/wp-json\/wp\/v2\/posts"}],"about":[{"href":"https:\/\/agora.xtec.cat\/zerebre\/wp-json\/wp\/v2\/types\/post"}],"author":[{"embeddable":true,"href":"https:\/\/agora.xtec.cat\/zerebre\/wp-json\/wp\/v2\/users\/8"}],"replies":[{"embeddable":true,"href":"https:\/\/agora.xtec.cat\/zerebre\/wp-json\/wp\/v2\/comments?post=5348"}],"version-history":[{"count":3,"href":"https:\/\/agora.xtec.cat\/zerebre\/wp-json\/wp\/v2\/posts\/5348\/revisions"}],"predecessor-version":[{"id":5381,"href":"https:\/\/agora.xtec.cat\/zerebre\/wp-json\/wp\/v2\/posts\/5348\/revisions\/5381"}],"wp:featuredmedia":[{"embeddable":true,"href":"https:\/\/agora.xtec.cat\/zerebre\/wp-json\/wp\/v2\/media\/5353"}],"wp:attachment":[{"href":"https:\/\/agora.xtec.cat\/zerebre\/wp-json\/wp\/v2\/media?parent=5348"}],"wp:term":[{"taxonomy":"category","embeddable":true,"href":"https:\/\/agora.xtec.cat\/zerebre\/wp-json\/wp\/v2\/categories?post=5348"},{"taxonomy":"post_tag","embeddable":true,"href":"https:\/\/agora.xtec.cat\/zerebre\/wp-json\/wp\/v2\/tags?post=5348"}],"curies":[{"name":"wp","href":"https:\/\/api.w.org\/{rel}","templated":true}]}}