{"id":5294,"date":"2023-03-30T15:32:08","date_gmt":"2023-03-30T13:32:08","guid":{"rendered":"https:\/\/agora.xtec.cat\/zerebre\/?p=5294"},"modified":"2023-05-05T15:06:57","modified_gmt":"2023-05-05T13:06:57","slug":"rentem-nos-les-mans-quan-toca","status":"publish","type":"post","link":"https:\/\/agora.xtec.cat\/zerebre\/altres-lp\/escola-1-dabril\/rentem-nos-les-mans-quan-toca\/","title":{"rendered":"Rentem-nos les mans quan toca!"},"content":{"rendered":"<p><span style=\"font-weight: 400;\">Amb motiu del dia mundial de la higiene de mans, que se celebra el dia 4 de maig, durant el mes de mar\u00e7 s\u2019han dut a terme diversos tallers a 12 centres educatius de la Ribera d\u2019Ebre, amb l\u2019alumnat de primer de prim\u00e0ria.\u00a0<\/span><\/p>\n<p><span style=\"font-weight: 400;\">A la nostra escola ha vingut en Miquel, infermer del consultori m\u00e8dic de La Palma, i ens ha explicat a la comunitat de petits perqu\u00e8 \u00e9s important rentar-nos les mans, quan ho hem de fer i com ho hem de fer de manera eficient.\u00a0<\/span><\/p>\n<p><span style=\"font-weight: 400;\">Primer ens ha explicat que ens hem de rentar les mans per a mantenir-nos sans, doncs \u00e9s el procediment b\u00e0sic m\u00e9s important per afavorir la nostra higiene general i prevenir la transmissi\u00f3 d\u2019infeccions.\u00a0<\/span><\/p>\n<p><span style=\"font-weight: 400;\">Tot seguit hem gaudit d\u2019una estona de jocs interactius relacionats amb la higiene de mans que ens ha proposat en Miquel i que ens han ajudat a consolidar els aprenentatges de manera divertida!\u00a0<\/span><\/p>\n<p><span style=\"font-weight: 400;\">Finalment hem realitzat una activitat creativa i hem elaborat un mural amb el lema \u201cRentem-nos les mans quan toca!\u201d.\u00a0 Aquesta creaci\u00f3 l&#8217;ha presentat l&#8217;A.R al Consell Comarcal de la Ribera d\u2019Ebre, juntament amb les obres fetes pels alumnes de primer d&#8217;altres escoles de la comarca.\u00a0<\/span><\/p>\n<p>Ha estat un acte molt bonic, que ha concl\u00f2s amb l&#8217;entrega d&#8217;obsequis a les escoles participants: un diploma de l&#8217;Institut Catal\u00e0 de la Salut de les Terres de l&#8217;Ebre, un mapa de la comarca que ha elaborat el Consell Comarcal de la Ribera d&#8217;Ebre, i un conte que ha entregat la Fundaci\u00f3 &#8220;La Caixa&#8221; per a seguir treballant a l&#8217;aula la import\u00e0ncia de tenir les mans netes!<\/p>\n<p>Tot seguit podeu veure les<a href=\"https:\/\/drive.google.com\/drive\/folders\/1xlIgr0-FQetxYC91syjkDZdCEARJMes_?usp=share_link\"> Imatges<\/a> de tot el proc\u00e9s.<\/p>\n","protected":false},"excerpt":{"rendered":"<p>Amb motiu del dia mundial de la higiene de mans, que se celebra el dia 4 de maig, durant el mes de mar\u00e7 s\u2019han dut a terme diversos tallers a 12 centres educatius de la Ribera d\u2019Ebre, amb l\u2019alumnat de primer de prim\u00e0ria.\u00a0 A la nostra escola ha vingut en Miquel, infermer del consultori m\u00e8dic [&hellip;]<\/p>\n","protected":false},"author":1,"featured_media":0,"comment_status":"open","ping_status":"closed","sticky":true,"template":"","format":"standard","meta":{"_bbp_topic_count":0,"_bbp_reply_count":0,"_bbp_total_topic_count":0,"_bbp_total_reply_count":0,"_bbp_voice_count":0,"_bbp_anonymous_reply_count":0,"_bbp_topic_count_hidden":0,"_bbp_reply_count_hidden":0,"_bbp_forum_subforum_count":0,"site-sidebar-layout":"default","site-content-layout":"","ast-site-content-layout":"","site-content-style":"default","site-sidebar-style":"default","ast-global-header-display":"","ast-banner-title-visibility":"","ast-main-header-display":"","ast-hfb-above-header-display":"","ast-hfb-below-header-display":"","ast-hfb-mobile-header-display":"","site-post-title":"","ast-breadcrumbs-content":"","ast-featured-img":"","footer-sml-layout":"","theme-transparent-header-meta":"","adv-header-id-meta":"","stick-header-meta":"","header-above-stick-meta":"","header-main-stick-meta":"","header-below-stick-meta":"","astra-migrate-meta-layouts":"default","ast-page-background-enabled":"default","ast-page-background-meta":{"desktop":{"background-color":"var(--ast-global-color-4)","background-image":"","background-repeat":"repeat","background-position":"center center","background-size":"auto","background-attachment":"scroll","background-type":"","background-media":"","overlay-type":"","overlay-color":"","overlay-opacity":"","overlay-gradient":""},"tablet":{"background-color":"","background-image":"","background-repeat":"repeat","background-position":"center center","background-size":"auto","background-attachment":"scroll","background-type":"","background-media":"","overlay-type":"","overlay-color":"","overlay-opacity":"","overlay-gradient":""},"mobile":{"background-color":"","background-image":"","background-repeat":"repeat","background-position":"center center","background-size":"auto","background-attachment":"scroll","background-type":"","background-media":"","overlay-type":"","overlay-color":"","overlay-opacity":"","overlay-gradient":""}},"ast-content-background-meta":{"desktop":{"background-color":"var(--ast-global-color-5)","background-image":"","background-repeat":"repeat","background-position":"center center","background-size":"auto","background-attachment":"scroll","background-type":"","background-media":"","overlay-type":"","overlay-color":"","overlay-opacity":"","overlay-gradient":""},"tablet":{"background-color":"var(--ast-global-color-5)","background-image":"","background-repeat":"repeat","background-position":"center center","background-size":"auto","background-attachment":"scroll","background-type":"","background-media":"","overlay-type":"","overlay-color":"","overlay-opacity":"","overlay-gradient":""},"mobile":{"background-color":"var(--ast-global-color-5)","background-image":"","background-repeat":"repeat","background-position":"center center","background-size":"auto","background-attachment":"scroll","background-type":"","background-media":"","overlay-type":"","overlay-color":"","overlay-opacity":"","overlay-gradient":""}},"footnotes":""},"categories":[171,120],"tags":[434],"class_list":["post-5294","post","type-post","status-publish","format-standard","hentry","category-daula","category-escola-1-dabril","tag-curs-2022-2023"],"post_mailing_queue_ids":[],"_links":{"self":[{"href":"https:\/\/agora.xtec.cat\/zerebre\/wp-json\/wp\/v2\/posts\/5294","targetHints":{"allow":["GET"]}}],"collection":[{"href":"https:\/\/agora.xtec.cat\/zerebre\/wp-json\/wp\/v2\/posts"}],"about":[{"href":"https:\/\/agora.xtec.cat\/zerebre\/wp-json\/wp\/v2\/types\/post"}],"author":[{"embeddable":true,"href":"https:\/\/agora.xtec.cat\/zerebre\/wp-json\/wp\/v2\/users\/1"}],"replies":[{"embeddable":true,"href":"https:\/\/agora.xtec.cat\/zerebre\/wp-json\/wp\/v2\/comments?post=5294"}],"version-history":[{"count":3,"href":"https:\/\/agora.xtec.cat\/zerebre\/wp-json\/wp\/v2\/posts\/5294\/revisions"}],"predecessor-version":[{"id":5343,"href":"https:\/\/agora.xtec.cat\/zerebre\/wp-json\/wp\/v2\/posts\/5294\/revisions\/5343"}],"wp:attachment":[{"href":"https:\/\/agora.xtec.cat\/zerebre\/wp-json\/wp\/v2\/media?parent=5294"}],"wp:term":[{"taxonomy":"category","embeddable":true,"href":"https:\/\/agora.xtec.cat\/zerebre\/wp-json\/wp\/v2\/categories?post=5294"},{"taxonomy":"post_tag","embeddable":true,"href":"https:\/\/agora.xtec.cat\/zerebre\/wp-json\/wp\/v2\/tags?post=5294"}],"curies":[{"name":"wp","href":"https:\/\/api.w.org\/{rel}","templated":true}]}}