{"id":4426,"date":"2022-06-21T22:47:49","date_gmt":"2022-06-21T20:47:49","guid":{"rendered":"https:\/\/agora.xtec.cat\/zerebre\/?p=4426"},"modified":"2022-06-21T23:05:59","modified_gmt":"2022-06-21T21:05:59","slug":"lhora-de-les-rodes","status":"publish","type":"post","link":"https:\/\/agora.xtec.cat\/zerebre\/escola-sant-agusti\/activitats-altres\/lhora-de-les-rodes\/","title":{"rendered":"L&#8217;HORA DE LES RODES"},"content":{"rendered":"<p style=\"text-align: justify;\">Com ve sent habitual aquests \u00faltims cursos des de l&#8217;\u00e0rea d&#8217;educaci\u00f3 f\u00edsica hem organitzat &#8220;L&#8217;hora de les rodes&#8221;.<\/p>\n<p style=\"text-align: justify;\">Aquest curs els d&#8217;educaci\u00f3 infantil ho van fer com un dels actes de la setmana cultural i els de cicle inicial i mitj\u00e0 ho han fet aquests darrers dies com una activitat especial per acomiadar el curs. A la pista es van preparar circuits d&#8217;habilitats, espais per fer carreres, etc., tot acompanyat de senyals de circulaci\u00f3 b\u00e0siques. A cicle superior la dificultat augmenta, aquest curs hem anat al &#8220;Pi de Montbri\u00f3&#8221;, la tornada es va fer dura, per\u00f2 ho vam aconseguir! Felicitats!<\/p>\n<p style=\"text-align: left;\"><a href=\"https:\/\/drive.google.com\/file\/d\/1rlKl8yQxacfeMb2YVyDIYgMaXYxwV_Zl\/view?usp=sharing\"><img loading=\"lazy\" decoding=\"async\" class=\"alignnone size-large wp-image-4440\" src=\"https:\/\/agora.xtec.cat\/zerebre\/wp-content\/uploads\/usu1719\/2022\/06\/LHORA-DE-LES-RODES-1024x576.jpg\" alt=\"\" width=\"1024\" height=\"576\" srcset=\"https:\/\/agora.xtec.cat\/zerebre\/wp-content\/uploads\/usu1719\/2022\/06\/LHORA-DE-LES-RODES-1024x576.jpg 1024w, https:\/\/agora.xtec.cat\/zerebre\/wp-content\/uploads\/usu1719\/2022\/06\/LHORA-DE-LES-RODES-300x169.jpg 300w, https:\/\/agora.xtec.cat\/zerebre\/wp-content\/uploads\/usu1719\/2022\/06\/LHORA-DE-LES-RODES-768x432.jpg 768w, https:\/\/agora.xtec.cat\/zerebre\/wp-content\/uploads\/usu1719\/2022\/06\/LHORA-DE-LES-RODES-1536x864.jpg 1536w, https:\/\/agora.xtec.cat\/zerebre\/wp-content\/uploads\/usu1719\/2022\/06\/LHORA-DE-LES-RODES.jpg 1920w\" sizes=\"auto, (max-width: 1024px) 100vw, 1024px\" \/><\/a><\/p>\n<p>&nbsp;<\/p>\n","protected":false},"excerpt":{"rendered":"<p>Com ve sent habitual aquests \u00faltims cursos des de l&#8217;\u00e0rea d&#8217;educaci\u00f3 f\u00edsica hem organitzat &#8220;L&#8217;hora de les rodes&#8221;. Aquest curs els d&#8217;educaci\u00f3 infantil ho van fer com un dels actes de la setmana cultural i els de cicle inicial i mitj\u00e0 ho han fet aquests darrers dies com una activitat especial per acomiadar el curs. [&hellip;]<\/p>\n","protected":false},"author":1,"featured_media":4440,"comment_status":"open","ping_status":"closed","sticky":true,"template":"","format":"standard","meta":{"_bbp_topic_count":0,"_bbp_reply_count":0,"_bbp_total_topic_count":0,"_bbp_total_reply_count":0,"_bbp_voice_count":0,"_bbp_anonymous_reply_count":0,"_bbp_topic_count_hidden":0,"_bbp_reply_count_hidden":0,"_bbp_forum_subforum_count":0,"site-sidebar-layout":"default","site-content-layout":"","ast-site-content-layout":"","site-content-style":"default","site-sidebar-style":"default","ast-global-header-display":"","ast-banner-title-visibility":"","ast-main-header-display":"","ast-hfb-above-header-display":"","ast-hfb-below-header-display":"","ast-hfb-mobile-header-display":"","site-post-title":"","ast-breadcrumbs-content":"","ast-featured-img":"","footer-sml-layout":"","theme-transparent-header-meta":"","adv-header-id-meta":"","stick-header-meta":"","header-above-stick-meta":"","header-main-stick-meta":"","header-below-stick-meta":"","astra-migrate-meta-layouts":"default","ast-page-background-enabled":"default","ast-page-background-meta":{"desktop":{"background-color":"var(--ast-global-color-4)","background-image":"","background-repeat":"repeat","background-position":"center center","background-size":"auto","background-attachment":"scroll","background-type":"","background-media":"","overlay-type":"","overlay-color":"","overlay-opacity":"","overlay-gradient":""},"tablet":{"background-color":"","background-image":"","background-repeat":"repeat","background-position":"center center","background-size":"auto","background-attachment":"scroll","background-type":"","background-media":"","overlay-type":"","overlay-color":"","overlay-opacity":"","overlay-gradient":""},"mobile":{"background-color":"","background-image":"","background-repeat":"repeat","background-position":"center center","background-size":"auto","background-attachment":"scroll","background-type":"","background-media":"","overlay-type":"","overlay-color":"","overlay-opacity":"","overlay-gradient":""}},"ast-content-background-meta":{"desktop":{"background-color":"var(--ast-global-color-5)","background-image":"","background-repeat":"repeat","background-position":"center center","background-size":"auto","background-attachment":"scroll","background-type":"","background-media":"","overlay-type":"","overlay-color":"","overlay-opacity":"","overlay-gradient":""},"tablet":{"background-color":"var(--ast-global-color-5)","background-image":"","background-repeat":"repeat","background-position":"center center","background-size":"auto","background-attachment":"scroll","background-type":"","background-media":"","overlay-type":"","overlay-color":"","overlay-opacity":"","overlay-gradient":""},"mobile":{"background-color":"var(--ast-global-color-5)","background-image":"","background-repeat":"repeat","background-position":"center center","background-size":"auto","background-attachment":"scroll","background-type":"","background-media":"","overlay-type":"","overlay-color":"","overlay-opacity":"","overlay-gradient":""}},"footnotes":""},"categories":[137,152,144,162,163,161],"tags":[415,291,273,169,427],"class_list":["post-4426","post","type-post","status-publish","format-standard","has-post-thumbnail","hentry","category-activitats-altres","category-altres-rr","category-cicle-inicial-rr","category-cicle-mitja-rr","category-cicle-superior-rr","category-educacio-infantil-rr","tag-defc","tag-dia-mundial-de-lactivitat-fisica","tag-educacio-fisica","tag-ef","tag-lhora-de-les-rodes"],"post_mailing_queue_ids":[],"_links":{"self":[{"href":"https:\/\/agora.xtec.cat\/zerebre\/wp-json\/wp\/v2\/posts\/4426","targetHints":{"allow":["GET"]}}],"collection":[{"href":"https:\/\/agora.xtec.cat\/zerebre\/wp-json\/wp\/v2\/posts"}],"about":[{"href":"https:\/\/agora.xtec.cat\/zerebre\/wp-json\/wp\/v2\/types\/post"}],"author":[{"embeddable":true,"href":"https:\/\/agora.xtec.cat\/zerebre\/wp-json\/wp\/v2\/users\/1"}],"replies":[{"embeddable":true,"href":"https:\/\/agora.xtec.cat\/zerebre\/wp-json\/wp\/v2\/comments?post=4426"}],"version-history":[{"count":3,"href":"https:\/\/agora.xtec.cat\/zerebre\/wp-json\/wp\/v2\/posts\/4426\/revisions"}],"predecessor-version":[{"id":4451,"href":"https:\/\/agora.xtec.cat\/zerebre\/wp-json\/wp\/v2\/posts\/4426\/revisions\/4451"}],"wp:featuredmedia":[{"embeddable":true,"href":"https:\/\/agora.xtec.cat\/zerebre\/wp-json\/wp\/v2\/media\/4440"}],"wp:attachment":[{"href":"https:\/\/agora.xtec.cat\/zerebre\/wp-json\/wp\/v2\/media?parent=4426"}],"wp:term":[{"taxonomy":"category","embeddable":true,"href":"https:\/\/agora.xtec.cat\/zerebre\/wp-json\/wp\/v2\/categories?post=4426"},{"taxonomy":"post_tag","embeddable":true,"href":"https:\/\/agora.xtec.cat\/zerebre\/wp-json\/wp\/v2\/tags?post=4426"}],"curies":[{"name":"wp","href":"https:\/\/api.w.org\/{rel}","templated":true}]}}