{"id":4373,"date":"2022-05-31T00:06:16","date_gmt":"2022-05-30T22:06:16","guid":{"rendered":"https:\/\/agora.xtec.cat\/zerebre\/?p=4373"},"modified":"2022-05-31T00:32:23","modified_gmt":"2022-05-30T22:32:23","slug":"teatre-educacio-infantil-la-cabreta-i-els-dotze-llops","status":"publish","type":"post","link":"https:\/\/agora.xtec.cat\/zerebre\/escola-sant-agusti\/teatre-educacio-infantil-la-cabreta-i-els-dotze-llops\/","title":{"rendered":"TEATRE EDUCACI\u00d3 INFANTIL- La cabreta i els dotze llops"},"content":{"rendered":"<p><a href=\"https:\/\/drive.google.com\/file\/d\/1zcGu9zbzMpLmQ3hR3cb7VF5NweFTTF6O\/view?usp=sharing\"><img loading=\"lazy\" decoding=\"async\" class=\"alignnone wp-image-4374\" src=\"https:\/\/agora.xtec.cat\/zerebre\/wp-content\/uploads\/usu1719\/2022\/05\/teatre-la-cabreta-i-els-dotze-llops-e1653947879381.jpg\" alt=\"\" width=\"324\" height=\"179\" srcset=\"https:\/\/agora.xtec.cat\/zerebre\/wp-content\/uploads\/usu1719\/2022\/05\/teatre-la-cabreta-i-els-dotze-llops-e1653947879381.jpg 840w, https:\/\/agora.xtec.cat\/zerebre\/wp-content\/uploads\/usu1719\/2022\/05\/teatre-la-cabreta-i-els-dotze-llops-e1653947879381-300x165.jpg 300w, https:\/\/agora.xtec.cat\/zerebre\/wp-content\/uploads\/usu1719\/2022\/05\/teatre-la-cabreta-i-els-dotze-llops-e1653947879381-768x423.jpg 768w\" sizes=\"auto, (max-width: 324px) 100vw, 324px\" \/><\/a><\/p>\n<p>L&#8217;alumnat d&#8217;Educaci\u00f3 Infantil ha participat a la XXXVI Mostra de Teatre Infantil i Juvenil de la Ribera d&#8217;Ebre amb l&#8217;obra de teatre <em>LA CABRETA I ELS DOTZE LLOPS<\/em>.<\/p>\n<p>Despr\u00e9s de molts assajos i de preparar el decorat a l&#8217;\u00e0rea de pl\u00e0stica, els petits actors s&#8217;han posat a la pell del seu personatge per interpretar-lo fant\u00e0sticament b\u00e9.<\/p>\n<p>Esperem que en gaudiu!<\/p>\n","protected":false},"excerpt":{"rendered":"<p>L&#8217;alumnat d&#8217;Educaci\u00f3 Infantil ha participat a la XXXVI Mostra de Teatre Infantil i Juvenil de la Ribera d&#8217;Ebre amb l&#8217;obra de teatre LA CABRETA I ELS DOTZE LLOPS. Despr\u00e9s de molts assajos i de preparar el decorat a l&#8217;\u00e0rea de pl\u00e0stica, els petits actors s&#8217;han posat a la pell del seu personatge per interpretar-lo fant\u00e0sticament [&hellip;]<\/p>\n","protected":false},"author":14,"featured_media":4374,"comment_status":"open","ping_status":"closed","sticky":true,"template":"","format":"standard","meta":{"_bbp_topic_count":0,"_bbp_reply_count":0,"_bbp_total_topic_count":0,"_bbp_total_reply_count":0,"_bbp_voice_count":0,"_bbp_anonymous_reply_count":0,"_bbp_topic_count_hidden":0,"_bbp_reply_count_hidden":0,"_bbp_forum_subforum_count":0,"site-sidebar-layout":"default","site-content-layout":"","ast-site-content-layout":"","site-content-style":"default","site-sidebar-style":"default","ast-global-header-display":"","ast-banner-title-visibility":"","ast-main-header-display":"","ast-hfb-above-header-display":"","ast-hfb-below-header-display":"","ast-hfb-mobile-header-display":"","site-post-title":"","ast-breadcrumbs-content":"","ast-featured-img":"","footer-sml-layout":"","theme-transparent-header-meta":"","adv-header-id-meta":"","stick-header-meta":"","header-above-stick-meta":"","header-main-stick-meta":"","header-below-stick-meta":"","astra-migrate-meta-layouts":"default","ast-page-background-enabled":"default","ast-page-background-meta":{"desktop":{"background-color":"var(--ast-global-color-4)","background-image":"","background-repeat":"repeat","background-position":"center center","background-size":"auto","background-attachment":"scroll","background-type":"","background-media":"","overlay-type":"","overlay-color":"","overlay-opacity":"","overlay-gradient":""},"tablet":{"background-color":"","background-image":"","background-repeat":"repeat","background-position":"center center","background-size":"auto","background-attachment":"scroll","background-type":"","background-media":"","overlay-type":"","overlay-color":"","overlay-opacity":"","overlay-gradient":""},"mobile":{"background-color":"","background-image":"","background-repeat":"repeat","background-position":"center center","background-size":"auto","background-attachment":"scroll","background-type":"","background-media":"","overlay-type":"","overlay-color":"","overlay-opacity":"","overlay-gradient":""}},"ast-content-background-meta":{"desktop":{"background-color":"var(--ast-global-color-5)","background-image":"","background-repeat":"repeat","background-position":"center center","background-size":"auto","background-attachment":"scroll","background-type":"","background-media":"","overlay-type":"","overlay-color":"","overlay-opacity":"","overlay-gradient":""},"tablet":{"background-color":"var(--ast-global-color-5)","background-image":"","background-repeat":"repeat","background-position":"center center","background-size":"auto","background-attachment":"scroll","background-type":"","background-media":"","overlay-type":"","overlay-color":"","overlay-opacity":"","overlay-gradient":""},"mobile":{"background-color":"var(--ast-global-color-5)","background-image":"","background-repeat":"repeat","background-position":"center center","background-size":"auto","background-attachment":"scroll","background-type":"","background-media":"","overlay-type":"","overlay-color":"","overlay-opacity":"","overlay-gradient":""}},"footnotes":""},"categories":[152,161,119],"tags":[],"class_list":["post-4373","post","type-post","status-publish","format-standard","has-post-thumbnail","hentry","category-altres-rr","category-educacio-infantil-rr","category-escola-sant-agusti"],"post_mailing_queue_ids":[],"_links":{"self":[{"href":"https:\/\/agora.xtec.cat\/zerebre\/wp-json\/wp\/v2\/posts\/4373","targetHints":{"allow":["GET"]}}],"collection":[{"href":"https:\/\/agora.xtec.cat\/zerebre\/wp-json\/wp\/v2\/posts"}],"about":[{"href":"https:\/\/agora.xtec.cat\/zerebre\/wp-json\/wp\/v2\/types\/post"}],"author":[{"embeddable":true,"href":"https:\/\/agora.xtec.cat\/zerebre\/wp-json\/wp\/v2\/users\/14"}],"replies":[{"embeddable":true,"href":"https:\/\/agora.xtec.cat\/zerebre\/wp-json\/wp\/v2\/comments?post=4373"}],"version-history":[{"count":3,"href":"https:\/\/agora.xtec.cat\/zerebre\/wp-json\/wp\/v2\/posts\/4373\/revisions"}],"predecessor-version":[{"id":4386,"href":"https:\/\/agora.xtec.cat\/zerebre\/wp-json\/wp\/v2\/posts\/4373\/revisions\/4386"}],"wp:featuredmedia":[{"embeddable":true,"href":"https:\/\/agora.xtec.cat\/zerebre\/wp-json\/wp\/v2\/media\/4374"}],"wp:attachment":[{"href":"https:\/\/agora.xtec.cat\/zerebre\/wp-json\/wp\/v2\/media?parent=4373"}],"wp:term":[{"taxonomy":"category","embeddable":true,"href":"https:\/\/agora.xtec.cat\/zerebre\/wp-json\/wp\/v2\/categories?post=4373"},{"taxonomy":"post_tag","embeddable":true,"href":"https:\/\/agora.xtec.cat\/zerebre\/wp-json\/wp\/v2\/tags?post=4373"}],"curies":[{"name":"wp","href":"https:\/\/api.w.org\/{rel}","templated":true}]}}