{"id":4110,"date":"2022-03-04T09:55:10","date_gmt":"2022-03-04T08:55:10","guid":{"rendered":"https:\/\/agora.xtec.cat\/zerebre\/?p=4110"},"modified":"2022-05-04T12:42:22","modified_gmt":"2022-05-04T10:42:22","slug":"preinscripcio-i-matricula-2022-2023","status":"publish","type":"post","link":"https:\/\/agora.xtec.cat\/zerebre\/escola-sant-agusti\/preinscripcio-i-matricula-2022-2023\/","title":{"rendered":"PREINSCRIPCI\u00d3 I MATR\u00cdCULA 2022-2023"},"content":{"rendered":"<p>Benvolgudes fam\u00edlies, a partir del dia<strong>\u00a07 de mar\u00e7 fins al dia 21 de mar\u00e7,<\/strong>\u00a0estar\u00e0 actiu el portal<\/p>\n<p><a href=\"https:\/\/preinscripcio.gencat.cat\/ca\/estudis\/infantil-3-6\/inici\/\">https:\/\/preinscripcio.gencat.cat\/ca\/estudis\/infantil-3-6\/preinscriute\/sollicitud\/<\/a><\/p>\n<p>per realitzar la preinscripci\u00f3 de l\u2019alumnat que comen\u00e7ar\u00e0<strong>\u00a0I3<\/strong>\u00a0al mes de setembre o aquelles fam\u00edlies que canvi\u00efn de centre educatiu.<\/p>\n<p>&nbsp;<\/p>\n<p>Cliqueu damunt del document que vulgueu consultar:<\/p>\n<p><a href=\"https:\/\/agora.xtec.cat\/zerebre\/wp-content\/uploads\/usu1719\/2022\/03\/OFERTA-INICIAL.pdf\"><strong>OFERTA INICIAL DE PLACES<\/strong><\/a><\/p>\n<p><strong><a href=\"https:\/\/agora.xtec.cat\/zerebre\/wp-content\/uploads\/usu1719\/2022\/03\/INFORME_BAREM_PROVISIONAL_BAREM.pdf\">SOL\u00b7LICITUDS PUNTUACI\u00d3 PROVISIONAL<\/a><\/strong><\/p>\n<p><a href=\"https:\/\/agora.xtec.cat\/zerebre\/wp-content\/uploads\/usu1719\/2022\/03\/barem-definitiu.pdf\"><strong>SOL\u00b7LICITUDS PUNTUACI\u00d3 DEFINITIVA<\/strong><\/a><\/p>\n","protected":false},"excerpt":{"rendered":"<p>Benvolgudes fam\u00edlies, a partir del dia\u00a07 de mar\u00e7 fins al dia 21 de mar\u00e7,\u00a0estar\u00e0 actiu el portal https:\/\/preinscripcio.gencat.cat\/ca\/estudis\/infantil-3-6\/preinscriute\/sollicitud\/ per realitzar la preinscripci\u00f3 de l\u2019alumnat que comen\u00e7ar\u00e0\u00a0I3\u00a0al mes de setembre o aquelles fam\u00edlies que canvi\u00efn de centre educatiu. &nbsp; Cliqueu damunt del document que vulgueu consultar: OFERTA INICIAL DE PLACES SOL\u00b7LICITUDS PUNTUACI\u00d3 PROVISIONAL SOL\u00b7LICITUDS PUNTUACI\u00d3 DEFINITIVA<\/p>\n","protected":false},"author":1,"featured_media":0,"comment_status":"open","ping_status":"closed","sticky":true,"template":"","format":"standard","meta":{"_bbp_topic_count":0,"_bbp_reply_count":0,"_bbp_total_topic_count":0,"_bbp_total_reply_count":0,"_bbp_voice_count":0,"_bbp_anonymous_reply_count":0,"_bbp_topic_count_hidden":0,"_bbp_reply_count_hidden":0,"_bbp_forum_subforum_count":0,"site-sidebar-layout":"default","site-content-layout":"","ast-site-content-layout":"","site-content-style":"default","site-sidebar-style":"default","ast-global-header-display":"","ast-banner-title-visibility":"","ast-main-header-display":"","ast-hfb-above-header-display":"","ast-hfb-below-header-display":"","ast-hfb-mobile-header-display":"","site-post-title":"","ast-breadcrumbs-content":"","ast-featured-img":"","footer-sml-layout":"","theme-transparent-header-meta":"","adv-header-id-meta":"","stick-header-meta":"","header-above-stick-meta":"","header-main-stick-meta":"","header-below-stick-meta":"","astra-migrate-meta-layouts":"default","ast-page-background-enabled":"default","ast-page-background-meta":{"desktop":{"background-color":"var(--ast-global-color-4)","background-image":"","background-repeat":"repeat","background-position":"center center","background-size":"auto","background-attachment":"scroll","background-type":"","background-media":"","overlay-type":"","overlay-color":"","overlay-opacity":"","overlay-gradient":""},"tablet":{"background-color":"","background-image":"","background-repeat":"repeat","background-position":"center center","background-size":"auto","background-attachment":"scroll","background-type":"","background-media":"","overlay-type":"","overlay-color":"","overlay-opacity":"","overlay-gradient":""},"mobile":{"background-color":"","background-image":"","background-repeat":"repeat","background-position":"center center","background-size":"auto","background-attachment":"scroll","background-type":"","background-media":"","overlay-type":"","overlay-color":"","overlay-opacity":"","overlay-gradient":""}},"ast-content-background-meta":{"desktop":{"background-color":"var(--ast-global-color-5)","background-image":"","background-repeat":"repeat","background-position":"center center","background-size":"auto","background-attachment":"scroll","background-type":"","background-media":"","overlay-type":"","overlay-color":"","overlay-opacity":"","overlay-gradient":""},"tablet":{"background-color":"var(--ast-global-color-5)","background-image":"","background-repeat":"repeat","background-position":"center center","background-size":"auto","background-attachment":"scroll","background-type":"","background-media":"","overlay-type":"","overlay-color":"","overlay-opacity":"","overlay-gradient":""},"mobile":{"background-color":"var(--ast-global-color-5)","background-image":"","background-repeat":"repeat","background-position":"center center","background-size":"auto","background-attachment":"scroll","background-type":"","background-media":"","overlay-type":"","overlay-color":"","overlay-opacity":"","overlay-gradient":""}},"footnotes":""},"categories":[152,119,222],"tags":[],"class_list":["post-4110","post","type-post","status-publish","format-standard","hentry","category-altres-rr","category-escola-sant-agusti","category-families-rr"],"post_mailing_queue_ids":[],"_links":{"self":[{"href":"https:\/\/agora.xtec.cat\/zerebre\/wp-json\/wp\/v2\/posts\/4110","targetHints":{"allow":["GET"]}}],"collection":[{"href":"https:\/\/agora.xtec.cat\/zerebre\/wp-json\/wp\/v2\/posts"}],"about":[{"href":"https:\/\/agora.xtec.cat\/zerebre\/wp-json\/wp\/v2\/types\/post"}],"author":[{"embeddable":true,"href":"https:\/\/agora.xtec.cat\/zerebre\/wp-json\/wp\/v2\/users\/1"}],"replies":[{"embeddable":true,"href":"https:\/\/agora.xtec.cat\/zerebre\/wp-json\/wp\/v2\/comments?post=4110"}],"version-history":[{"count":3,"href":"https:\/\/agora.xtec.cat\/zerebre\/wp-json\/wp\/v2\/posts\/4110\/revisions"}],"predecessor-version":[{"id":4263,"href":"https:\/\/agora.xtec.cat\/zerebre\/wp-json\/wp\/v2\/posts\/4110\/revisions\/4263"}],"wp:attachment":[{"href":"https:\/\/agora.xtec.cat\/zerebre\/wp-json\/wp\/v2\/media?parent=4110"}],"wp:term":[{"taxonomy":"category","embeddable":true,"href":"https:\/\/agora.xtec.cat\/zerebre\/wp-json\/wp\/v2\/categories?post=4110"},{"taxonomy":"post_tag","embeddable":true,"href":"https:\/\/agora.xtec.cat\/zerebre\/wp-json\/wp\/v2\/tags?post=4110"}],"curies":[{"name":"wp","href":"https:\/\/api.w.org\/{rel}","templated":true}]}}