{"id":4003,"date":"2022-02-10T18:06:48","date_gmt":"2022-02-10T17:06:48","guid":{"rendered":"https:\/\/agora.xtec.cat\/zerebre\/?p=4003"},"modified":"2022-05-05T14:03:28","modified_gmt":"2022-05-05T12:03:28","slug":"fem-psicomotricitat","status":"publish","type":"post","link":"https:\/\/agora.xtec.cat\/zerebre\/escola-sant-agusti\/fem-psicomotricitat\/","title":{"rendered":"FEM PSICOMOTRICITAT!"},"content":{"rendered":"<p style=\"text-align: justify;\">Hola a tothom!<\/p>\n<p style=\"text-align: justify;\">Us volia fer part\u00edcips de la classe de psicomotricitat a trav\u00e9s d&#8217;un recull d&#8217;imatges de diferents moments del primer trimestre. Abans de res, explicar-vos, breument, la din\u00e0mica que segueixen les classes.<\/p>\n<ol style=\"text-align: justify;\">\n<li>Part inicial:<\/li>\n<\/ol>\n<p style=\"text-align: justify;\">\u00c9s una estona molt curta i rutin\u00e0ria. Ens posem en rotllana i escalfem les articulacions. Tamb\u00e9 \u00e9s un moment que aprofitem per treballar la identificaci\u00f3 d\u2019aquestes parts.<\/p>\n<ol style=\"text-align: justify;\" start=\"2\">\n<li>Part principal:<\/li>\n<\/ol>\n<p style=\"text-align: justify;\">\u00c9s la part que concentra el gruix de la sessi\u00f3. \u00c9s on realitzem les diferents activitats a trav\u00e9s del joc. Aquest joc pot ser:<\/p>\n<ul style=\"text-align: justify;\">\n<li style=\"list-style-type: none;\">\n<ul>\n<li style=\"list-style-type: none;\">\n<ul>\n<li>Dirigit: El mestre proposa les diferents activitats.<\/li>\n<li>Lliure: Despr\u00e9s de parlar entre tots de coses que podem fer i les normes que cal respectar, els nens i les nenes s\u2019organitzen de manera lliure i decideixen qu\u00e8 fan i a quins racons van.<\/li>\n<\/ul>\n<\/li>\n<\/ul>\n<\/li>\n<\/ul>\n<p style=\"text-align: justify;\">3. Tornada a la calma<\/p>\n<p style=\"text-align: justify;\">En aquesta part realitzem jocs de relaxaci\u00f3: massatges, etc. Es tracta d&#8217;aconseguir que l&#8217;estat d&#8217;excitaci\u00f3 assolit a la part principal disminueixi per tal de poder continuar amb les tasques posteriors.<\/p>\n<p style=\"text-align: justify;\">A partir del segon trimestre al grup de P4 i P5 i<span style=\"font-family: inherit; font-size: 1em;\">ntroduirem un nou moment, ser\u00e0 el de la &#8220;<\/span><strong style=\"font-family: inherit; font-size: 1em;\">Representaci\u00f3&#8221;<\/strong><span style=\"font-family: inherit; font-size: 1em;\">. En aquesta fase pensarem el que hem fet i ho representarem a trav\u00e9s del dibuix, la plastilina o el llenguatge verbal.<\/span><\/p>\n<p>Cliqueu per veure els reculls d&#8217;imatges.<\/p>\n<p><a href=\"https:\/\/drive.google.com\/drive\/folders\/1Y5HPmAZIKQlddQDjzWqB5Ib9evh5PPw1?usp=sharing\"><img loading=\"lazy\" decoding=\"async\" class=\"wp-image-4057 alignleft\" src=\"https:\/\/agora.xtec.cat\/zerebre\/wp-content\/uploads\/usu1719\/2022\/02\/PORTA_P3.jpg\" alt=\"\" width=\"376\" height=\"211\" srcset=\"https:\/\/agora.xtec.cat\/zerebre\/wp-content\/uploads\/usu1719\/2022\/02\/PORTA_P3.jpg 430w, https:\/\/agora.xtec.cat\/zerebre\/wp-content\/uploads\/usu1719\/2022\/02\/PORTA_P3-300x168.jpg 300w\" sizes=\"auto, (max-width: 376px) 100vw, 376px\" \/><\/a><a href=\"https:\/\/drive.google.com\/drive\/folders\/1dCglziEQpY8u5uwIfBKZcY0MrnSO4FTY?usp=sharing\"><img loading=\"lazy\" decoding=\"async\" class=\"wp-image-4058 alignright\" src=\"https:\/\/agora.xtec.cat\/zerebre\/wp-content\/uploads\/usu1719\/2022\/02\/PORTA_P4_P5.jpg\" alt=\"\" width=\"292\" height=\"213\" srcset=\"https:\/\/agora.xtec.cat\/zerebre\/wp-content\/uploads\/usu1719\/2022\/02\/PORTA_P4_P5.jpg 399w, https:\/\/agora.xtec.cat\/zerebre\/wp-content\/uploads\/usu1719\/2022\/02\/PORTA_P4_P5-300x219.jpg 300w\" sizes=\"auto, (max-width: 292px) 100vw, 292px\" \/><\/a><\/p>\n","protected":false},"excerpt":{"rendered":"<p>Hola a tothom! Us volia fer part\u00edcips de la classe de psicomotricitat a trav\u00e9s d&#8217;un recull d&#8217;imatges de diferents moments del primer trimestre. Abans de res, explicar-vos, breument, la din\u00e0mica que segueixen les classes. Part inicial: \u00c9s una estona molt curta i rutin\u00e0ria. Ens posem en rotllana i escalfem les articulacions. Tamb\u00e9 \u00e9s un moment [&hellip;]<\/p>\n","protected":false},"author":1,"featured_media":0,"comment_status":"open","ping_status":"closed","sticky":true,"template":"","format":"standard","meta":{"_bbp_topic_count":0,"_bbp_reply_count":0,"_bbp_total_topic_count":0,"_bbp_total_reply_count":0,"_bbp_voice_count":0,"_bbp_anonymous_reply_count":0,"_bbp_topic_count_hidden":0,"_bbp_reply_count_hidden":0,"_bbp_forum_subforum_count":0,"site-sidebar-layout":"default","site-content-layout":"","ast-site-content-layout":"","site-content-style":"default","site-sidebar-style":"default","ast-global-header-display":"","ast-banner-title-visibility":"","ast-main-header-display":"","ast-hfb-above-header-display":"","ast-hfb-below-header-display":"","ast-hfb-mobile-header-display":"","site-post-title":"","ast-breadcrumbs-content":"","ast-featured-img":"","footer-sml-layout":"","theme-transparent-header-meta":"","adv-header-id-meta":"","stick-header-meta":"","header-above-stick-meta":"","header-main-stick-meta":"","header-below-stick-meta":"","astra-migrate-meta-layouts":"default","ast-page-background-enabled":"default","ast-page-background-meta":{"desktop":{"background-color":"var(--ast-global-color-4)","background-image":"","background-repeat":"repeat","background-position":"center center","background-size":"auto","background-attachment":"scroll","background-type":"","background-media":"","overlay-type":"","overlay-color":"","overlay-opacity":"","overlay-gradient":""},"tablet":{"background-color":"","background-image":"","background-repeat":"repeat","background-position":"center center","background-size":"auto","background-attachment":"scroll","background-type":"","background-media":"","overlay-type":"","overlay-color":"","overlay-opacity":"","overlay-gradient":""},"mobile":{"background-color":"","background-image":"","background-repeat":"repeat","background-position":"center center","background-size":"auto","background-attachment":"scroll","background-type":"","background-media":"","overlay-type":"","overlay-color":"","overlay-opacity":"","overlay-gradient":""}},"ast-content-background-meta":{"desktop":{"background-color":"var(--ast-global-color-5)","background-image":"","background-repeat":"repeat","background-position":"center center","background-size":"auto","background-attachment":"scroll","background-type":"","background-media":"","overlay-type":"","overlay-color":"","overlay-opacity":"","overlay-gradient":""},"tablet":{"background-color":"var(--ast-global-color-5)","background-image":"","background-repeat":"repeat","background-position":"center center","background-size":"auto","background-attachment":"scroll","background-type":"","background-media":"","overlay-type":"","overlay-color":"","overlay-opacity":"","overlay-gradient":""},"mobile":{"background-color":"var(--ast-global-color-5)","background-image":"","background-repeat":"repeat","background-position":"center center","background-size":"auto","background-attachment":"scroll","background-type":"","background-media":"","overlay-type":"","overlay-color":"","overlay-opacity":"","overlay-gradient":""}},"footnotes":""},"categories":[161,119],"tags":[332],"class_list":["post-4003","post","type-post","status-publish","format-standard","hentry","category-educacio-infantil-rr","category-escola-sant-agusti","tag-psicomotricitat"],"post_mailing_queue_ids":[],"_links":{"self":[{"href":"https:\/\/agora.xtec.cat\/zerebre\/wp-json\/wp\/v2\/posts\/4003","targetHints":{"allow":["GET"]}}],"collection":[{"href":"https:\/\/agora.xtec.cat\/zerebre\/wp-json\/wp\/v2\/posts"}],"about":[{"href":"https:\/\/agora.xtec.cat\/zerebre\/wp-json\/wp\/v2\/types\/post"}],"author":[{"embeddable":true,"href":"https:\/\/agora.xtec.cat\/zerebre\/wp-json\/wp\/v2\/users\/1"}],"replies":[{"embeddable":true,"href":"https:\/\/agora.xtec.cat\/zerebre\/wp-json\/wp\/v2\/comments?post=4003"}],"version-history":[{"count":3,"href":"https:\/\/agora.xtec.cat\/zerebre\/wp-json\/wp\/v2\/posts\/4003\/revisions"}],"predecessor-version":[{"id":4061,"href":"https:\/\/agora.xtec.cat\/zerebre\/wp-json\/wp\/v2\/posts\/4003\/revisions\/4061"}],"wp:attachment":[{"href":"https:\/\/agora.xtec.cat\/zerebre\/wp-json\/wp\/v2\/media?parent=4003"}],"wp:term":[{"taxonomy":"category","embeddable":true,"href":"https:\/\/agora.xtec.cat\/zerebre\/wp-json\/wp\/v2\/categories?post=4003"},{"taxonomy":"post_tag","embeddable":true,"href":"https:\/\/agora.xtec.cat\/zerebre\/wp-json\/wp\/v2\/tags?post=4003"}],"curies":[{"name":"wp","href":"https:\/\/api.w.org\/{rel}","templated":true}]}}