{"id":3652,"date":"2021-10-29T20:21:38","date_gmt":"2021-10-29T18:21:38","guid":{"rendered":"https:\/\/agora.xtec.cat\/zerebre\/?p=3652"},"modified":"2022-05-12T13:47:17","modified_gmt":"2022-05-12T11:47:17","slug":"festa-de-la-castanyada-2021","status":"publish","type":"post","link":"https:\/\/agora.xtec.cat\/zerebre\/altres-lp\/escola-1-dabril\/festa-de-la-castanyada-2021\/","title":{"rendered":"Festa de la Castanyada 2021"},"content":{"rendered":"<p>Avui hem rebut a l&#8217;escola a la Senyora Castanyera i, per celebrar-ho, li hem preparat unes actuacions. Ens ha agradat molt poder compartir la festa de la Castanyada tamb\u00e9 amb tots els familiars que ens han pogut acompanyar.<\/p>\n<p>Hi ha hagut de tot: un teatre recitat, danses, poema i can\u00e7ons; alguns els hem apr\u00e8s en catal\u00e0, altres en angl\u00e8s i tamb\u00e9 en castell\u00e0!<\/p>\n<p>Els dies previs a la festa hem estat preparant el decorat de l&#8217;aula i de l&#8217;escenari.<\/p>\n<p>La Senyora Castanyera ha estat molt participativa tota la tarda i, fins i tot, ha sortit a ballar una dansa amb tot l&#8217;alumnat de l&#8217;escola i amb els familiars que s&#8217;han animat. Ah! i ens ha repartit una paperina de castanyes torrades i moniato cuit. Moltes gr\u00e0cies!<\/p>\n<p>Ens ho hem passat mot b\u00e9!<\/p>\n<p>Us deixem un recull. Desitgem que us agradi!<\/p>\n<p>&nbsp;<\/p>\n<p><a href=\"https:\/\/drive.google.com\/file\/d\/1VP5oFcDy18AwoovXjuQdLuX8QDIIHmhi\/view?usp=sharing\"><img loading=\"lazy\" decoding=\"async\" class=\"alignnone wp-image-3653 aligncenter\" src=\"https:\/\/agora.xtec.cat\/zerebre\/wp-content\/uploads\/usu1719\/2021\/10\/Screenshot_20211029-095848_Canva.jpg\" alt=\"\" width=\"313\" height=\"305\" srcset=\"https:\/\/agora.xtec.cat\/zerebre\/wp-content\/uploads\/usu1719\/2021\/10\/Screenshot_20211029-095848_Canva.jpg 656w, https:\/\/agora.xtec.cat\/zerebre\/wp-content\/uploads\/usu1719\/2021\/10\/Screenshot_20211029-095848_Canva-300x293.jpg 300w\" sizes=\"auto, (max-width: 313px) 100vw, 313px\" \/><\/a><\/p>\n","protected":false},"excerpt":{"rendered":"<p>Avui hem rebut a l&#8217;escola a la Senyora Castanyera i, per celebrar-ho, li hem preparat unes actuacions. Ens ha agradat molt poder compartir la festa de la Castanyada tamb\u00e9 amb tots els familiars que ens han pogut acompanyar. Hi ha hagut de tot: un teatre recitat, danses, poema i can\u00e7ons; alguns els hem apr\u00e8s en [&hellip;]<\/p>\n","protected":false},"author":1,"featured_media":3653,"comment_status":"open","ping_status":"closed","sticky":true,"template":"","format":"standard","meta":{"_bbp_topic_count":0,"_bbp_reply_count":0,"_bbp_total_topic_count":0,"_bbp_total_reply_count":0,"_bbp_voice_count":0,"_bbp_anonymous_reply_count":0,"_bbp_topic_count_hidden":0,"_bbp_reply_count_hidden":0,"_bbp_forum_subforum_count":0,"site-sidebar-layout":"default","site-content-layout":"","ast-site-content-layout":"","site-content-style":"default","site-sidebar-style":"default","ast-global-header-display":"","ast-banner-title-visibility":"","ast-main-header-display":"","ast-hfb-above-header-display":"","ast-hfb-below-header-display":"","ast-hfb-mobile-header-display":"","site-post-title":"","ast-breadcrumbs-content":"","ast-featured-img":"","footer-sml-layout":"","theme-transparent-header-meta":"","adv-header-id-meta":"","stick-header-meta":"","header-above-stick-meta":"","header-main-stick-meta":"","header-below-stick-meta":"","astra-migrate-meta-layouts":"default","ast-page-background-enabled":"default","ast-page-background-meta":{"desktop":{"background-color":"var(--ast-global-color-4)","background-image":"","background-repeat":"repeat","background-position":"center center","background-size":"auto","background-attachment":"scroll","background-type":"","background-media":"","overlay-type":"","overlay-color":"","overlay-opacity":"","overlay-gradient":""},"tablet":{"background-color":"","background-image":"","background-repeat":"repeat","background-position":"center center","background-size":"auto","background-attachment":"scroll","background-type":"","background-media":"","overlay-type":"","overlay-color":"","overlay-opacity":"","overlay-gradient":""},"mobile":{"background-color":"","background-image":"","background-repeat":"repeat","background-position":"center center","background-size":"auto","background-attachment":"scroll","background-type":"","background-media":"","overlay-type":"","overlay-color":"","overlay-opacity":"","overlay-gradient":""}},"ast-content-background-meta":{"desktop":{"background-color":"var(--ast-global-color-5)","background-image":"","background-repeat":"repeat","background-position":"center center","background-size":"auto","background-attachment":"scroll","background-type":"","background-media":"","overlay-type":"","overlay-color":"","overlay-opacity":"","overlay-gradient":""},"tablet":{"background-color":"var(--ast-global-color-5)","background-image":"","background-repeat":"repeat","background-position":"center center","background-size":"auto","background-attachment":"scroll","background-type":"","background-media":"","overlay-type":"","overlay-color":"","overlay-opacity":"","overlay-gradient":""},"mobile":{"background-color":"var(--ast-global-color-5)","background-image":"","background-repeat":"repeat","background-position":"center center","background-size":"auto","background-attachment":"scroll","background-type":"","background-media":"","overlay-type":"","overlay-color":"","overlay-opacity":"","overlay-gradient":""}},"footnotes":""},"categories":[149,120],"tags":[219,343,225],"class_list":["post-3652","post","type-post","status-publish","format-standard","has-post-thumbnail","hentry","category-celebracions-lp","category-escola-1-dabril","tag-castanyada","tag-curs-2021-2022","tag-festes"],"post_mailing_queue_ids":[],"_links":{"self":[{"href":"https:\/\/agora.xtec.cat\/zerebre\/wp-json\/wp\/v2\/posts\/3652","targetHints":{"allow":["GET"]}}],"collection":[{"href":"https:\/\/agora.xtec.cat\/zerebre\/wp-json\/wp\/v2\/posts"}],"about":[{"href":"https:\/\/agora.xtec.cat\/zerebre\/wp-json\/wp\/v2\/types\/post"}],"author":[{"embeddable":true,"href":"https:\/\/agora.xtec.cat\/zerebre\/wp-json\/wp\/v2\/users\/1"}],"replies":[{"embeddable":true,"href":"https:\/\/agora.xtec.cat\/zerebre\/wp-json\/wp\/v2\/comments?post=3652"}],"version-history":[{"count":3,"href":"https:\/\/agora.xtec.cat\/zerebre\/wp-json\/wp\/v2\/posts\/3652\/revisions"}],"predecessor-version":[{"id":3672,"href":"https:\/\/agora.xtec.cat\/zerebre\/wp-json\/wp\/v2\/posts\/3652\/revisions\/3672"}],"wp:featuredmedia":[{"embeddable":true,"href":"https:\/\/agora.xtec.cat\/zerebre\/wp-json\/wp\/v2\/media\/3653"}],"wp:attachment":[{"href":"https:\/\/agora.xtec.cat\/zerebre\/wp-json\/wp\/v2\/media?parent=3652"}],"wp:term":[{"taxonomy":"category","embeddable":true,"href":"https:\/\/agora.xtec.cat\/zerebre\/wp-json\/wp\/v2\/categories?post=3652"},{"taxonomy":"post_tag","embeddable":true,"href":"https:\/\/agora.xtec.cat\/zerebre\/wp-json\/wp\/v2\/tags?post=3652"}],"curies":[{"name":"wp","href":"https:\/\/api.w.org\/{rel}","templated":true}]}}