{"id":1945,"date":"2020-05-30T19:46:58","date_gmt":"2020-05-30T17:46:58","guid":{"rendered":"http:\/\/agora.xtec.cat\/zerebre\/?p=1945"},"modified":"2020-06-01T20:31:41","modified_gmt":"2020-06-01T18:31:41","slug":"xvi-certamen-de-lectura-en-veu-alta","status":"publish","type":"post","link":"https:\/\/agora.xtec.cat\/zerebre\/biblioteca-rr\/xvi-certamen-de-lectura-en-veu-alta\/","title":{"rendered":"XVI CERTAMEN DE LECTURA EN VEU ALTA"},"content":{"rendered":"<p>&nbsp;<\/p>\n<table style=\"height: 210px; width: 873px; border-color: #fcfcfc;\">\n<tbody>\n<tr style=\"height: 210px;\">\n<td style=\"width: 387px; height: 210px;\">\n<h3><strong>LECTURA EN CONFINAMENT #acasallegimenveualta<\/strong><\/h3>\n<\/td>\n<td style=\"width: 478px; height: 210px;\"><strong><a href=\"https:\/\/agora.xtec.cat\/zerebre\/wp-content\/uploads\/usu1719\/2020\/05\/logo-certamen-1.jpg\"><img loading=\"lazy\" decoding=\"async\" class=\"alignnone size-full wp-image-1951\" src=\"https:\/\/agora.xtec.cat\/zerebre\/wp-content\/uploads\/usu1719\/2020\/05\/logo-certamen-1.jpg\" alt=\"\" width=\"454\" height=\"207\" srcset=\"https:\/\/agora.xtec.cat\/zerebre\/wp-content\/uploads\/usu1719\/2020\/05\/logo-certamen-1.jpg 454w, https:\/\/agora.xtec.cat\/zerebre\/wp-content\/uploads\/usu1719\/2020\/05\/logo-certamen-1-300x137.jpg 300w\" sizes=\"auto, (max-width: 454px) 100vw, 454px\" \/><\/a><\/strong><\/td>\n<\/tr>\n<\/tbody>\n<\/table>\n<p><span style=\"font-family: inherit; font-size: 1em;\">Enguany a causa de la pand\u00e8mia Covid-19, la participaci\u00f3 al XVI certamen de lectura en veu alta no s&#8217;ha pogut fer de manera presencial.<\/span><\/p>\n<p>La nostra escola va decidir participar-hi fent una reinscripci\u00f3 a la nova modalitat de certamen en confinament.<\/p>\n<p>L\u2019alumnat de manera volunt\u00e0ria ens va fer arribar v\u00eddeos llegint en veu alta des de casa, i l&#8217;escola els va enviar a l&#8217;organitzaci\u00f3 del certamen.<\/p>\n<p>Moltes gr\u00e0cies a tots els participants de la <strong>categoria Grumets Vermells<\/strong> (alumnat de Cicle Mitj\u00e0) i de la <strong>categoria Grumets Verds\u00a0<\/strong>(alumnat de Cicle Superior).<\/p>\n<p>Us deixem amb els v\u00eddeos:<\/p>\n<p>https:\/\/youtu.be\/cGpVMiWb9v4<\/p>\n<p>https:\/\/youtu.be\/Gc4WNHY4t8U<\/p>\n<p>https:\/\/youtu.be\/0iMWp-YiMmc<\/p>\n<p>https:\/\/youtu.be\/nz9hfsDtSNk<\/p>\n<p>https:\/\/youtu.be\/XDsN8LqtCMg<\/p>\n<p>https:\/\/youtu.be\/hEVjdo41Rgw<\/p>\n<p>https:\/\/youtu.be\/Nn01yCsyYr0<\/p>\n<p>https:\/\/youtu.be\/B0MZcYXVCLA<\/p>\n","protected":false},"excerpt":{"rendered":"<p>&nbsp; LECTURA EN CONFINAMENT #acasallegimenveualta Enguany a causa de la pand\u00e8mia Covid-19, la participaci\u00f3 al XVI certamen de lectura en veu alta no s&#8217;ha pogut fer de manera presencial. La nostra escola va decidir participar-hi fent una reinscripci\u00f3 a la nova modalitat de certamen en confinament. L\u2019alumnat de manera volunt\u00e0ria ens va fer arribar v\u00eddeos [&hellip;]<\/p>\n","protected":false},"author":1,"featured_media":0,"comment_status":"open","ping_status":"closed","sticky":false,"template":"","format":"standard","meta":{"_bbp_topic_count":0,"_bbp_reply_count":0,"_bbp_total_topic_count":0,"_bbp_total_reply_count":0,"_bbp_voice_count":0,"_bbp_anonymous_reply_count":0,"_bbp_topic_count_hidden":0,"_bbp_reply_count_hidden":0,"_bbp_forum_subforum_count":0,"site-sidebar-layout":"default","site-content-layout":"","ast-site-content-layout":"","site-content-style":"default","site-sidebar-style":"default","ast-global-header-display":"","ast-banner-title-visibility":"","ast-main-header-display":"","ast-hfb-above-header-display":"","ast-hfb-below-header-display":"","ast-hfb-mobile-header-display":"","site-post-title":"","ast-breadcrumbs-content":"","ast-featured-img":"","footer-sml-layout":"","theme-transparent-header-meta":"","adv-header-id-meta":"","stick-header-meta":"","header-above-stick-meta":"","header-main-stick-meta":"","header-below-stick-meta":"","astra-migrate-meta-layouts":"default","ast-page-background-enabled":"default","ast-page-background-meta":{"desktop":{"background-color":"var(--ast-global-color-4)","background-image":"","background-repeat":"repeat","background-position":"center center","background-size":"auto","background-attachment":"scroll","background-type":"","background-media":"","overlay-type":"","overlay-color":"","overlay-opacity":"","overlay-gradient":""},"tablet":{"background-color":"","background-image":"","background-repeat":"repeat","background-position":"center center","background-size":"auto","background-attachment":"scroll","background-type":"","background-media":"","overlay-type":"","overlay-color":"","overlay-opacity":"","overlay-gradient":""},"mobile":{"background-color":"","background-image":"","background-repeat":"repeat","background-position":"center center","background-size":"auto","background-attachment":"scroll","background-type":"","background-media":"","overlay-type":"","overlay-color":"","overlay-opacity":"","overlay-gradient":""}},"ast-content-background-meta":{"desktop":{"background-color":"var(--ast-global-color-5)","background-image":"","background-repeat":"repeat","background-position":"center center","background-size":"auto","background-attachment":"scroll","background-type":"","background-media":"","overlay-type":"","overlay-color":"","overlay-opacity":"","overlay-gradient":""},"tablet":{"background-color":"var(--ast-global-color-5)","background-image":"","background-repeat":"repeat","background-position":"center center","background-size":"auto","background-attachment":"scroll","background-type":"","background-media":"","overlay-type":"","overlay-color":"","overlay-opacity":"","overlay-gradient":""},"mobile":{"background-color":"var(--ast-global-color-5)","background-image":"","background-repeat":"repeat","background-position":"center center","background-size":"auto","background-attachment":"scroll","background-type":"","background-media":"","overlay-type":"","overlay-color":"","overlay-opacity":"","overlay-gradient":""}},"footnotes":""},"categories":[167],"tags":[186,201,199,202],"class_list":["post-1945","post","type-post","status-publish","format-standard","hentry","category-biblioteca-rr","tag-biblioteca","tag-certamen","tag-lectura","tag-lectura-en-veu-alta"],"post_mailing_queue_ids":[],"_links":{"self":[{"href":"https:\/\/agora.xtec.cat\/zerebre\/wp-json\/wp\/v2\/posts\/1945","targetHints":{"allow":["GET"]}}],"collection":[{"href":"https:\/\/agora.xtec.cat\/zerebre\/wp-json\/wp\/v2\/posts"}],"about":[{"href":"https:\/\/agora.xtec.cat\/zerebre\/wp-json\/wp\/v2\/types\/post"}],"author":[{"embeddable":true,"href":"https:\/\/agora.xtec.cat\/zerebre\/wp-json\/wp\/v2\/users\/1"}],"replies":[{"embeddable":true,"href":"https:\/\/agora.xtec.cat\/zerebre\/wp-json\/wp\/v2\/comments?post=1945"}],"version-history":[{"count":2,"href":"https:\/\/agora.xtec.cat\/zerebre\/wp-json\/wp\/v2\/posts\/1945\/revisions"}],"predecessor-version":[{"id":1955,"href":"https:\/\/agora.xtec.cat\/zerebre\/wp-json\/wp\/v2\/posts\/1945\/revisions\/1955"}],"wp:attachment":[{"href":"https:\/\/agora.xtec.cat\/zerebre\/wp-json\/wp\/v2\/media?parent=1945"}],"wp:term":[{"taxonomy":"category","embeddable":true,"href":"https:\/\/agora.xtec.cat\/zerebre\/wp-json\/wp\/v2\/categories?post=1945"},{"taxonomy":"post_tag","embeddable":true,"href":"https:\/\/agora.xtec.cat\/zerebre\/wp-json\/wp\/v2\/tags?post=1945"}],"curies":[{"name":"wp","href":"https:\/\/api.w.org\/{rel}","templated":true}]}}