{"id":1762,"date":"2020-04-23T19:41:57","date_gmt":"2020-04-23T17:41:57","guid":{"rendered":"http:\/\/agora.xtec.cat\/zerebre\/?p=1762"},"modified":"2020-04-23T19:41:57","modified_gmt":"2020-04-23T17:41:57","slug":"canteu-amb-nosaltres-la-tornada","status":"publish","type":"post","link":"https:\/\/agora.xtec.cat\/zerebre\/altres-lp\/escola-1-dabril\/canteu-amb-nosaltres-la-tornada\/","title":{"rendered":"CANTEU AMB NOSALTRES LA TORNADA?"},"content":{"rendered":"<p>Sab\u00edeu que a la nostra escola som molt artistes? Des d&#8217; #Escola1d&#8217;AbrilaCasa hem cantat una can\u00e7\u00f3 tota l&#8217;escola. B\u00e9, tota tota, no ben b\u00e9&#8230;hem cantat la tornada de la can\u00e7\u00f3.<\/p>\n<p>\u00c9s una can\u00e7\u00f3 que canvia una mica la tradicional llegenda de Sant Jordi: el pobre drac no \u00e9s tan dolent com sembla, o com ens han fet creure&#8230;no us contem el final, perqu\u00e8 si el voleu saber haureu d&#8217;escoltar ben b\u00e9 la lletra de la can\u00e7\u00f3.<\/p>\n<p>Ah! que no us hem dit que la can\u00e7\u00f3 es titula <em>&#8220;La llegenda de Sant Jordi&#8221;<\/em> i la canta el grup Ambauka.<\/p>\n<p>Fixeu-vos b\u00e9, a veure qui \u00e9s el primer que es troba al video!<\/p>\n<p><iframe loading=\"lazy\" src=\"https:\/\/drive.google.com\/file\/d\/1zyATq_DWi4Lpnii0EPyQeS9hVHqYLllp\/preview\" width=\"960\" height=\"540\"><span data-mce-type=\"bookmark\" style=\"display: inline-block; width: 0px; overflow: hidden; line-height: 0;\" class=\"mce_SELRES_start\">\ufeff<\/span><span data-mce-type=\"bookmark\" style=\"display: inline-block; width: 0px; overflow: hidden; line-height: 0;\" class=\"mce_SELRES_start\">\ufeff<\/span><\/iframe><\/p>\n","protected":false},"excerpt":{"rendered":"<p>Sab\u00edeu que a la nostra escola som molt artistes? Des d&#8217; #Escola1d&#8217;AbrilaCasa hem cantat una can\u00e7\u00f3 tota l&#8217;escola. B\u00e9, tota tota, no ben b\u00e9&#8230;hem cantat la tornada de la can\u00e7\u00f3. \u00c9s una can\u00e7\u00f3 que canvia una mica la tradicional llegenda de Sant Jordi: el pobre drac no \u00e9s tan dolent com sembla, o com ens [&hellip;]<\/p>\n","protected":false},"author":8,"featured_media":0,"comment_status":"open","ping_status":"closed","sticky":false,"template":"","format":"standard","meta":{"_bbp_topic_count":0,"_bbp_reply_count":0,"_bbp_total_topic_count":0,"_bbp_total_reply_count":0,"_bbp_voice_count":0,"_bbp_anonymous_reply_count":0,"_bbp_topic_count_hidden":0,"_bbp_reply_count_hidden":0,"_bbp_forum_subforum_count":0,"site-sidebar-layout":"default","site-content-layout":"","ast-site-content-layout":"","site-content-style":"default","site-sidebar-style":"default","ast-global-header-display":"","ast-banner-title-visibility":"","ast-main-header-display":"","ast-hfb-above-header-display":"","ast-hfb-below-header-display":"","ast-hfb-mobile-header-display":"","site-post-title":"","ast-breadcrumbs-content":"","ast-featured-img":"","footer-sml-layout":"","theme-transparent-header-meta":"","adv-header-id-meta":"","stick-header-meta":"","header-above-stick-meta":"","header-main-stick-meta":"","header-below-stick-meta":"","astra-migrate-meta-layouts":"default","ast-page-background-enabled":"default","ast-page-background-meta":{"desktop":{"background-color":"var(--ast-global-color-4)","background-image":"","background-repeat":"repeat","background-position":"center center","background-size":"auto","background-attachment":"scroll","background-type":"","background-media":"","overlay-type":"","overlay-color":"","overlay-opacity":"","overlay-gradient":""},"tablet":{"background-color":"","background-image":"","background-repeat":"repeat","background-position":"center center","background-size":"auto","background-attachment":"scroll","background-type":"","background-media":"","overlay-type":"","overlay-color":"","overlay-opacity":"","overlay-gradient":""},"mobile":{"background-color":"","background-image":"","background-repeat":"repeat","background-position":"center center","background-size":"auto","background-attachment":"scroll","background-type":"","background-media":"","overlay-type":"","overlay-color":"","overlay-opacity":"","overlay-gradient":""}},"ast-content-background-meta":{"desktop":{"background-color":"var(--ast-global-color-5)","background-image":"","background-repeat":"repeat","background-position":"center center","background-size":"auto","background-attachment":"scroll","background-type":"","background-media":"","overlay-type":"","overlay-color":"","overlay-opacity":"","overlay-gradient":""},"tablet":{"background-color":"var(--ast-global-color-5)","background-image":"","background-repeat":"repeat","background-position":"center center","background-size":"auto","background-attachment":"scroll","background-type":"","background-media":"","overlay-type":"","overlay-color":"","overlay-opacity":"","overlay-gradient":""},"mobile":{"background-color":"var(--ast-global-color-5)","background-image":"","background-repeat":"repeat","background-position":"center center","background-size":"auto","background-attachment":"scroll","background-type":"","background-media":"","overlay-type":"","overlay-color":"","overlay-opacity":"","overlay-gradient":""}},"footnotes":""},"categories":[176,120],"tags":[173,193,183,182,38],"class_list":["post-1762","post","type-post","status-publish","format-standard","hentry","category-escola1dabrilacasa","category-escola-1-dabril","tag-confinament","tag-canco","tag-conte","tag-llegenda","tag-sant-jordi"],"post_mailing_queue_ids":[],"_links":{"self":[{"href":"https:\/\/agora.xtec.cat\/zerebre\/wp-json\/wp\/v2\/posts\/1762","targetHints":{"allow":["GET"]}}],"collection":[{"href":"https:\/\/agora.xtec.cat\/zerebre\/wp-json\/wp\/v2\/posts"}],"about":[{"href":"https:\/\/agora.xtec.cat\/zerebre\/wp-json\/wp\/v2\/types\/post"}],"author":[{"embeddable":true,"href":"https:\/\/agora.xtec.cat\/zerebre\/wp-json\/wp\/v2\/users\/8"}],"replies":[{"embeddable":true,"href":"https:\/\/agora.xtec.cat\/zerebre\/wp-json\/wp\/v2\/comments?post=1762"}],"version-history":[{"count":3,"href":"https:\/\/agora.xtec.cat\/zerebre\/wp-json\/wp\/v2\/posts\/1762\/revisions"}],"predecessor-version":[{"id":1776,"href":"https:\/\/agora.xtec.cat\/zerebre\/wp-json\/wp\/v2\/posts\/1762\/revisions\/1776"}],"wp:attachment":[{"href":"https:\/\/agora.xtec.cat\/zerebre\/wp-json\/wp\/v2\/media?parent=1762"}],"wp:term":[{"taxonomy":"category","embeddable":true,"href":"https:\/\/agora.xtec.cat\/zerebre\/wp-json\/wp\/v2\/categories?post=1762"},{"taxonomy":"post_tag","embeddable":true,"href":"https:\/\/agora.xtec.cat\/zerebre\/wp-json\/wp\/v2\/tags?post=1762"}],"curies":[{"name":"wp","href":"https:\/\/api.w.org\/{rel}","templated":true}]}}