{"id":4565,"date":"2024-06-21T12:58:36","date_gmt":"2024-06-21T10:58:36","guid":{"rendered":"https:\/\/agora.xtec.cat\/zerconca\/?p=4565"},"modified":"2025-01-28T17:19:58","modified_gmt":"2025-01-28T16:19:58","slug":"ens-endinsem-en-el-mon-de-les-havaneres-mariner-de-terra-endins","status":"publish","type":"post","link":"https:\/\/agora.xtec.cat\/zerconca\/general\/ens-endinsem-en-el-mon-de-les-havaneres-mariner-de-terra-endins\/","title":{"rendered":"ENS ENDINSEM EN EL M\u00d3N DE LES HAVANERES"},"content":{"rendered":"<blockquote><p><a href=\"https:\/\/agora.xtec.cat\/zerconca\/wp-content\/uploads\/usu1589\/2024\/06\/Screenshot_20240621_122745_Instagram.jpg\"><img loading=\"lazy\" decoding=\"async\" class=\"alignnone size-full wp-image-4566\" src=\"https:\/\/agora.xtec.cat\/zerconca\/wp-content\/uploads\/usu1589\/2024\/06\/Screenshot_20240621_122745_Instagram.jpg\" alt=\"\" width=\"1080\" height=\"711\" srcset=\"https:\/\/agora.xtec.cat\/zerconca\/wp-content\/uploads\/usu1589\/2024\/06\/Screenshot_20240621_122745_Instagram.jpg 1080w, https:\/\/agora.xtec.cat\/zerconca\/wp-content\/uploads\/usu1589\/2024\/06\/Screenshot_20240621_122745_Instagram-300x198.jpg 300w, https:\/\/agora.xtec.cat\/zerconca\/wp-content\/uploads\/usu1589\/2024\/06\/Screenshot_20240621_122745_Instagram-1024x674.jpg 1024w, https:\/\/agora.xtec.cat\/zerconca\/wp-content\/uploads\/usu1589\/2024\/06\/Screenshot_20240621_122745_Instagram-768x506.jpg 768w\" sizes=\"auto, (max-width: 1080px) 100vw, 1080px\" \/><\/a><\/p>\n<div class=\"flex flex-grow flex-col max-w-full\">\n<div class=\"min-h-[20px] text-message flex flex-col items-start whitespace-pre-wrap break-words [.text-message+&amp;]:mt-5 juice:w-full juice:items-end overflow-x-auto gap-2\" dir=\"auto\" data-message-author-role=\"assistant\" data-message-id=\"668daca2-e354-4740-8f1d-a96cb63264b3\">\n<div class=\"flex w-full flex-col gap-1 juice:empty:hidden juice:first:pt-[3px]\">\n<p style=\"text-align: justify;\"><span style=\"color: #000000;\">Durant aquest curs escolar, l&#8217;alumnat de la ZER ha treballat amb dedicaci\u00f3 en el projecte d\u2019havaneres <strong><em>Mariner de terra endins<\/em><\/strong>. Per tal de fer arribar aquesta iniciativa a tota la <strong>comunitat educativa<\/strong>, l&#8217;alumnat va oferir una interpretaci\u00f3 alternada de can\u00e7ons d\u2019havaneres que havien preparat amb entusiasme al llarg del curs. L\u2019activitat es va dur a terme en cadascun dels pobles que conformen la ZER, i es va convertir en un veritable homenatge a la tradici\u00f3 catalana.<\/span><\/p>\n<p style=\"text-align: justify;\"><span style=\"color: #000000;\"><strong>Les fam\u00edlies<\/strong>, orgulloses i emocionades, van vibrar amb les melodies evocadores d\u2019aquest g\u00e8nere tan arrelat a la nostra terra, que entrella\u00e7a la cultura mar\u00edtima amb l\u2019esperit col\u00b7lectiu. <\/span><span style=\"color: #000000;\">Gr\u00e0cies a l\u2019esfor\u00e7 i la implicaci\u00f3 de tots els participants, es va aconseguir no nom\u00e9s fer reviure aquest patrimoni cultural, sin\u00f3 tamb\u00e9 transmetre\u2019l amb amor i autenticitat a les noves generacions.<\/span><\/p>\n<p style=\"text-align: justify;\"><span style=\"color: #000000;\"><strong>Aqu\u00ed teniu un petit recull de les can\u00e7ons que els alumnes van interpretar amb emoci\u00f3 als pobles de la ZER. Un repertori ple de significat i arrelament a la nostra cultura!<\/strong><\/span><\/p>\n<p style=\"text-align: justify;\"><span style=\"color: #000000;\"><strong><em>El meu avi<\/em><\/strong>, una de les havaneres m\u00e9s ic\u00f2niques, evocava la nost\u00e0lgia d\u2019un vell mariner i les seves aventures al mar. <\/span><span style=\"color: #000000;\">\u00a0El mariner pot ser vist com un reflex d\u2019aquells que han viscut de manera itinerant, entre el mar i els camps, per\u00f2 tamb\u00e9 com una figura que torna a la terra que mai ha oblidat. \u00c9s un s\u00edmbol de la dualitat que molts habitants de la costa catalana han experimentat durant segles, viatjant cap a l\u2019Atl\u00e0ntic o fins a l&#8217;Am\u00e8rica, per\u00f2 sempre amb el pensament fermament arrelat a la seva terra natal.<\/span><\/p>\n<div class=\"ast-oembed-container \" style=\"height: 100%;\"><iframe loading=\"lazy\" title=\"EL MEU AVI   ROCAFORT DE QUERALT\" width=\"500\" height=\"281\" src=\"https:\/\/www.youtube.com\/embed\/zVvknxtN_q4?feature=oembed\" frameborder=\"0\" allow=\"accelerometer; autoplay; clipboard-write; encrypted-media; gyroscope; picture-in-picture; web-share\" referrerpolicy=\"strict-origin-when-cross-origin\" allowfullscreen><\/iframe><\/div>\n<p style=\"text-align: justify;\"><span style=\"color: #000000;\"><em style=\"color: #000000; font-weight: bold;\">El can\u00f3 de\u00a0<\/em><span style=\"color: #000000;\"><b><i>Palam\u00f3s<\/i><\/b><\/span><b style=\"color: #000000;\">,<\/b><span style=\"color: #000000;\"> amb un toc desimbolt, portava hist\u00f2ries plenes d\u2019humor i vida portu\u00e0ria; les aventures tamb\u00e9 tenen un fort vincle amb les terres catalanes. La lleugeresa de la pe\u00e7a reflecteix l&#8217;esperan\u00e7a i l&#8217;energia del poble catal\u00e0, que, tot i les dificultats, sempre ha sabut tirar endavant amb un esperit de superaci\u00f3 i d&#8217;orgull pel seu patrimoni, tant marinera com agr\u00edcola.<\/span><\/span><\/p>\n<div class=\"ast-oembed-container \" style=\"height: 100%;\"><iframe loading=\"lazy\" title=\"EL CAN\u00d3 DE PALAM\u00d3S - PIRA\" width=\"500\" height=\"281\" src=\"https:\/\/www.youtube.com\/embed\/bkWdqaWeibA?feature=oembed\" frameborder=\"0\" allow=\"accelerometer; autoplay; clipboard-write; encrypted-media; gyroscope; picture-in-picture; web-share\" referrerpolicy=\"strict-origin-when-cross-origin\" allowfullscreen><\/iframe><\/div>\n<p style=\"text-align: justify;\"><span style=\"color: #000000;\"><strong><em>La barca xica:<\/em><\/strong> En aquesta havanera, la barca no nom\u00e9s simbolitza la vida marinera, sin\u00f3 tamb\u00e9 una connexi\u00f3 profunda amb les terres catalanes. La barca, com a element de treball, representa la vinculaci\u00f3 amb la natura, amb el mar com a font d&#8217;aliment i de recursos.\u00a0 Aix\u00ed com el mariner t\u00e9 la seva barca, els pagesos catalans tenen els seus camps i les seves eines. Ambdues s\u00f3n eines essencials per mantenir la connexi\u00f3 entre l&#8217;home i la terra, per donar-li sentit a la vida i a l\u2019esperan\u00e7a en un futur millor.<\/span><\/p>\n<div class=\"ast-oembed-container \" style=\"height: 100%;\"><iframe loading=\"lazy\" title=\"LA BARCA XICA   SOLIVELLA\" width=\"500\" height=\"281\" src=\"https:\/\/www.youtube.com\/embed\/Mz44oaceTnI?feature=oembed\" frameborder=\"0\" allow=\"accelerometer; autoplay; clipboard-write; encrypted-media; gyroscope; picture-in-picture; web-share\" referrerpolicy=\"strict-origin-when-cross-origin\" allowfullscreen><\/iframe><\/div>\n<p style=\"text-align: justify;\"><span style=\"color: #000000;\"><strong><em>La sirena de Begur<\/em><\/strong>, impregnada de romanticisme, l<em>a sirena de Begur<\/em> porta la m\u00e0gia del litoral catal\u00e0 fins als somnis i les llegendes. La costa de Begur \u00e9s una terra emblem\u00e0tica de la Costa Brava, una regi\u00f3 on la natura salvatge i el paisatge \u00fanic es fusionen amb l\u2019\u00e0nima de la gent de la terra. La sirena, com a figura mitol\u00f2gica, representa la fascinaci\u00f3 per l\u2019indomable, per\u00f2 tamb\u00e9 l&#8217;atracci\u00f3 que t\u00e9 la terra catalana sobre els qui la visiten i sobre aquells que la porten al cor, com una part inalienable de la seva identitat.<\/span><\/p>\n<div class=\"ast-oembed-container \" style=\"height: 100%;\"><iframe loading=\"lazy\" title=\"LA SIRENA DE BEGUR - BARBER\u00c0 DE LA CONCA\" width=\"500\" height=\"281\" src=\"https:\/\/www.youtube.com\/embed\/fKHfMxyBjSE?feature=oembed\" frameborder=\"0\" allow=\"accelerometer; autoplay; clipboard-write; encrypted-media; gyroscope; picture-in-picture; web-share\" referrerpolicy=\"strict-origin-when-cross-origin\" allowfullscreen><\/iframe><\/div>\n<p style=\"text-align: justify;\"><span style=\"color: #000000;\">Tanmateix, aquest dijous 20 de juny, el nostre alumnat, conjuntament amb <strong>l\u2019Escola Municipal de M\u00fasica de Montblanc (EMMM)<\/strong> i el grup d\u2019havaneres &#8220;<strong>Habana Vieja&#8221;<\/strong>, va participar en la cantada infantil d\u2019havaneres <em>Mariner de terra endins<\/em>. Aquesta actuaci\u00f3, que han estat treballant durant tot el curs escolar, va tenir lloc a l\u2019emblem\u00e0tica<strong> esgl\u00e9sia de Sant Francesc de Montblanc<\/strong>.<\/span><\/p>\n<p style=\"text-align: justify;\"><span style=\"color: #000000;\">Aquest esdeveniment forma part d\u2019un projecte impulsat per l\u2019<strong>Associaci\u00f3 Cultural Catalana-Iberoamericana<\/strong>, i ha estat una experi\u00e8ncia enriquidora per a tots els participants.<\/span><\/p>\n<p style=\"text-align: justify;\"><span style=\"color: #000000;\">Podeu llegir m\u00e9s sobre l\u2019esdeveniment a l\u2019article publicat pel diari <strong>Nova Conca<\/strong>: <a href=\"https:\/\/www.novaconca.cat\/noticia\/222520\/lescola-de-musica-de-montblanc-posa-punt-final-a-la-celebracio-de-fi-de-curs?utm_source=dlvr.it&amp;utm_medium=facebook&amp;fbclid=IwZXh0bgNhZW0CMTEAAR0DfRT-EuwMxjAa_7vAo5OYQ5my6OnDlT6fHJNc3UGgCnsCvDqMupcf1ys_aem_ZmFrZWR1bW15MTZieXRlcw&amp;sfnsn=scwspwa\" target=\"_new\" rel=\"noreferrer noopener\">enlla\u00e7 a l&#8217;article<\/a>.<\/span><\/p>\n<p style=\"text-align: justify;\"><span style=\"color: #000000;\">Des d\u2019aqu\u00ed, volem expressar el nostre sincer agra\u00efment a l\u2019Associaci\u00f3 Cultural Catalana-Iberoamericana, al grup d\u2019havaneres &#8220;Habana Vieja&#8221; i a l\u2019Escola de M\u00fasica Josep Porter i Rovira de Montblanc per la seva implicaci\u00f3 i suport incondicional.<\/span><\/p>\n<p style=\"text-align: justify;\"><strong><span style=\"color: #000000;\">Enhorabona a tots i a totes per la vostra dedicaci\u00f3, esfor\u00e7 i l&#8217;emotiu resultat que hem aconseguit junts!<\/span><\/strong><\/p>\n<div class=\"markdown prose w-full break-words dark:prose-invert dark\">\n<p><a href=\"https:\/\/agora.xtec.cat\/zerconca\/wp-content\/uploads\/usu1589\/2024\/06\/Screenshot_20240621_122811_Instagram.jpg\"><img loading=\"lazy\" decoding=\"async\" class=\"alignnone size-full wp-image-4570\" src=\"https:\/\/agora.xtec.cat\/zerconca\/wp-content\/uploads\/usu1589\/2024\/06\/Screenshot_20240621_122811_Instagram.jpg\" alt=\"\" width=\"1080\" height=\"704\" srcset=\"https:\/\/agora.xtec.cat\/zerconca\/wp-content\/uploads\/usu1589\/2024\/06\/Screenshot_20240621_122811_Instagram.jpg 1080w, https:\/\/agora.xtec.cat\/zerconca\/wp-content\/uploads\/usu1589\/2024\/06\/Screenshot_20240621_122811_Instagram-300x196.jpg 300w, https:\/\/agora.xtec.cat\/zerconca\/wp-content\/uploads\/usu1589\/2024\/06\/Screenshot_20240621_122811_Instagram-1024x667.jpg 1024w, https:\/\/agora.xtec.cat\/zerconca\/wp-content\/uploads\/usu1589\/2024\/06\/Screenshot_20240621_122811_Instagram-768x501.jpg 768w\" sizes=\"auto, (max-width: 1080px) 100vw, 1080px\" \/><\/a><\/p>\n<\/div>\n<\/div>\n<\/div>\n<\/div>\n<\/blockquote>\n","protected":false},"excerpt":{"rendered":"<p>Durant aquest curs escolar, l&#8217;alumnat de la ZER ha treballat amb dedicaci\u00f3 en el projecte d\u2019havaneres Mariner de terra endins. Per tal de fer arribar aquesta iniciativa a tota la comunitat educativa, l&#8217;alumnat va oferir una interpretaci\u00f3 alternada de can\u00e7ons d\u2019havaneres que havien preparat amb entusiasme al llarg del curs. L\u2019activitat es va dur a [&hellip;]<\/p>\n","protected":false},"author":1,"featured_media":0,"comment_status":"open","ping_status":"closed","sticky":false,"template":"","format":"standard","meta":{"_bbp_topic_count":0,"_bbp_reply_count":0,"_bbp_total_topic_count":0,"_bbp_total_reply_count":0,"_bbp_voice_count":0,"_bbp_anonymous_reply_count":0,"_bbp_topic_count_hidden":0,"_bbp_reply_count_hidden":0,"_bbp_forum_subforum_count":0,"site-sidebar-layout":"default","site-content-layout":"","ast-site-content-layout":"","site-content-style":"default","site-sidebar-style":"default","ast-global-header-display":"","ast-banner-title-visibility":"","ast-main-header-display":"","ast-hfb-above-header-display":"","ast-hfb-below-header-display":"","ast-hfb-mobile-header-display":"","site-post-title":"","ast-breadcrumbs-content":"","ast-featured-img":"","footer-sml-layout":"","theme-transparent-header-meta":"","adv-header-id-meta":"","stick-header-meta":"","header-above-stick-meta":"","header-main-stick-meta":"","header-below-stick-meta":"","astra-migrate-meta-layouts":"default","ast-page-background-enabled":"default","ast-page-background-meta":{"desktop":{"background-color":"var(--ast-global-color-4)","background-image":"","background-repeat":"repeat","background-position":"center center","background-size":"auto","background-attachment":"scroll","background-type":"","background-media":"","overlay-type":"","overlay-color":"","overlay-opacity":"","overlay-gradient":""},"tablet":{"background-color":"","background-image":"","background-repeat":"repeat","background-position":"center center","background-size":"auto","background-attachment":"scroll","background-type":"","background-media":"","overlay-type":"","overlay-color":"","overlay-opacity":"","overlay-gradient":""},"mobile":{"background-color":"","background-image":"","background-repeat":"repeat","background-position":"center center","background-size":"auto","background-attachment":"scroll","background-type":"","background-media":"","overlay-type":"","overlay-color":"","overlay-opacity":"","overlay-gradient":""}},"ast-content-background-meta":{"desktop":{"background-color":"var(--ast-global-color-5)","background-image":"","background-repeat":"repeat","background-position":"center center","background-size":"auto","background-attachment":"scroll","background-type":"","background-media":"","overlay-type":"","overlay-color":"","overlay-opacity":"","overlay-gradient":""},"tablet":{"background-color":"var(--ast-global-color-5)","background-image":"","background-repeat":"repeat","background-position":"center center","background-size":"auto","background-attachment":"scroll","background-type":"","background-media":"","overlay-type":"","overlay-color":"","overlay-opacity":"","overlay-gradient":""},"mobile":{"background-color":"var(--ast-global-color-5)","background-image":"","background-repeat":"repeat","background-position":"center center","background-size":"auto","background-attachment":"scroll","background-type":"","background-media":"","overlay-type":"","overlay-color":"","overlay-opacity":"","overlay-gradient":""}},"footnotes":""},"categories":[1,29],"tags":[395,393,392,412,223,411,394],"class_list":["post-4565","post","type-post","status-publish","format-standard","hentry","category-general","category-portada","tag-ajuntamentdemontblanc","tag-escolademusica_montblanc","tag-habana_vieja_havaneres","tag-catala","tag-escolarural-escolapetita-escolesverdes-transformacioeducativa-zerconca","tag-llenguacatalana","tag-zerconcabarbera"],"post_mailing_queue_ids":[],"_links":{"self":[{"href":"https:\/\/agora.xtec.cat\/zerconca\/wp-json\/wp\/v2\/posts\/4565","targetHints":{"allow":["GET"]}}],"collection":[{"href":"https:\/\/agora.xtec.cat\/zerconca\/wp-json\/wp\/v2\/posts"}],"about":[{"href":"https:\/\/agora.xtec.cat\/zerconca\/wp-json\/wp\/v2\/types\/post"}],"author":[{"embeddable":true,"href":"https:\/\/agora.xtec.cat\/zerconca\/wp-json\/wp\/v2\/users\/1"}],"replies":[{"embeddable":true,"href":"https:\/\/agora.xtec.cat\/zerconca\/wp-json\/wp\/v2\/comments?post=4565"}],"version-history":[{"count":6,"href":"https:\/\/agora.xtec.cat\/zerconca\/wp-json\/wp\/v2\/posts\/4565\/revisions"}],"predecessor-version":[{"id":4723,"href":"https:\/\/agora.xtec.cat\/zerconca\/wp-json\/wp\/v2\/posts\/4565\/revisions\/4723"}],"wp:attachment":[{"href":"https:\/\/agora.xtec.cat\/zerconca\/wp-json\/wp\/v2\/media?parent=4565"}],"wp:term":[{"taxonomy":"category","embeddable":true,"href":"https:\/\/agora.xtec.cat\/zerconca\/wp-json\/wp\/v2\/categories?post=4565"},{"taxonomy":"post_tag","embeddable":true,"href":"https:\/\/agora.xtec.cat\/zerconca\/wp-json\/wp\/v2\/tags?post=4565"}],"curies":[{"name":"wp","href":"https:\/\/api.w.org\/{rel}","templated":true}]}}