{"id":1674,"date":"2019-05-29T21:36:09","date_gmt":"2019-05-29T19:36:09","guid":{"rendered":"http:\/\/agora.xtec.cat\/zerconca\/?p=1674"},"modified":"2019-05-29T21:42:00","modified_gmt":"2019-05-29T19:42:00","slug":"vii-cantata-comarcal-a-montblanc-la-llegenda-de-la-princesa-i-sant-jordi","status":"publish","type":"post","link":"https:\/\/agora.xtec.cat\/zerconca\/general\/vii-cantata-comarcal-a-montblanc-la-llegenda-de-la-princesa-i-sant-jordi\/","title":{"rendered":"VII CANTATA COMARCAL A MONTBLANC:  LA LLEGENDA DE LA PRINCESA I SANT JORDI"},"content":{"rendered":"<p><a href=\"https:\/\/agora.xtec.cat\/zerconca\/wp-content\/uploads\/usu1589\/2019\/05\/IMG-20190503-WA0003.jpg\"><img loading=\"lazy\" decoding=\"async\" class=\"alignnone size-large wp-image-1678\" src=\"https:\/\/agora.xtec.cat\/zerconca\/wp-content\/uploads\/usu1589\/2019\/05\/IMG-20190503-WA0003-1024x344.jpg\" alt=\"\" width=\"1024\" height=\"344\" srcset=\"https:\/\/agora.xtec.cat\/zerconca\/wp-content\/uploads\/usu1589\/2019\/05\/IMG-20190503-WA0003-1024x344.jpg 1024w, https:\/\/agora.xtec.cat\/zerconca\/wp-content\/uploads\/usu1589\/2019\/05\/IMG-20190503-WA0003-300x101.jpg 300w, https:\/\/agora.xtec.cat\/zerconca\/wp-content\/uploads\/usu1589\/2019\/05\/IMG-20190503-WA0003-768x258.jpg 768w, https:\/\/agora.xtec.cat\/zerconca\/wp-content\/uploads\/usu1589\/2019\/05\/IMG-20190503-WA0003.jpg 1356w\" sizes=\"auto, (max-width: 1024px) 100vw, 1024px\" \/><\/a><\/p>\n<ul style=\"list-style-type: square;\">\n<li style=\"text-align: justify;\">El divendres dia 3 de maig, els alumnes de CM de la ZER van protagonitzar <strong>\u00a0la Cantata de la Llegenda de la Princesa de Sant Jordi juntament amb els mestres de m\u00fasica i els alumnes de CM de la comarca. <\/strong><\/li>\n<li style=\"text-align: justify;\">Va ser una jornada meravellosa\u00a0 i els nostres alumnes van gaudir molt\u00edssim!!!<\/li>\n<li style=\"text-align: justify;\">Aqu\u00ed teniu l&#8217;enlla\u00e7 de la <strong>CANTATA<\/strong>:<br \/>\n<a href=\"https:\/\/www.youtube.com\/watch?v=BycAIS777LE\">https:\/\/www.youtube.com\/watch?v=BycAIS777LE<\/a><\/li>\n<li>Felicitar a les mestres de m\u00fasica de la ZER.<\/li>\n<li><a href=\"https:\/\/agora.xtec.cat\/zerconca\/wp-content\/uploads\/usu1589\/2019\/05\/IMG-20190503-WA0001.jpg\"><img loading=\"lazy\" decoding=\"async\" class=\"alignnone size-large wp-image-1681\" src=\"https:\/\/agora.xtec.cat\/zerconca\/wp-content\/uploads\/usu1589\/2019\/05\/IMG-20190503-WA0001-1024x768.jpg\" alt=\"\" width=\"1024\" height=\"768\" srcset=\"https:\/\/agora.xtec.cat\/zerconca\/wp-content\/uploads\/usu1589\/2019\/05\/IMG-20190503-WA0001-1024x768.jpg 1024w, https:\/\/agora.xtec.cat\/zerconca\/wp-content\/uploads\/usu1589\/2019\/05\/IMG-20190503-WA0001-300x225.jpg 300w, https:\/\/agora.xtec.cat\/zerconca\/wp-content\/uploads\/usu1589\/2019\/05\/IMG-20190503-WA0001-768x576.jpg 768w, https:\/\/agora.xtec.cat\/zerconca\/wp-content\/uploads\/usu1589\/2019\/05\/IMG-20190503-WA0001-200x150.jpg 200w, https:\/\/agora.xtec.cat\/zerconca\/wp-content\/uploads\/usu1589\/2019\/05\/IMG-20190503-WA0001.jpg 1600w\" sizes=\"auto, (max-width: 1024px) 100vw, 1024px\" \/><\/a><\/li>\n<\/ul>\n","protected":false},"excerpt":{"rendered":"<p>El divendres dia 3 de maig, els alumnes de CM de la ZER van protagonitzar \u00a0la Cantata de la Llegenda de la Princesa de Sant Jordi juntament amb els mestres de m\u00fasica i els alumnes de CM de la comarca. Va ser una jornada meravellosa\u00a0 i els nostres alumnes van gaudir molt\u00edssim!!! Aqu\u00ed teniu l&#8217;enlla\u00e7 [&hellip;]<\/p>\n","protected":false},"author":1,"featured_media":1683,"comment_status":"open","ping_status":"closed","sticky":false,"template":"","format":"standard","meta":{"_bbp_topic_count":0,"_bbp_reply_count":0,"_bbp_total_topic_count":0,"_bbp_total_reply_count":0,"_bbp_voice_count":0,"_bbp_anonymous_reply_count":0,"_bbp_topic_count_hidden":0,"_bbp_reply_count_hidden":0,"_bbp_forum_subforum_count":0,"site-sidebar-layout":"default","site-content-layout":"","ast-site-content-layout":"","site-content-style":"default","site-sidebar-style":"default","ast-global-header-display":"","ast-banner-title-visibility":"","ast-main-header-display":"","ast-hfb-above-header-display":"","ast-hfb-below-header-display":"","ast-hfb-mobile-header-display":"","site-post-title":"","ast-breadcrumbs-content":"","ast-featured-img":"","footer-sml-layout":"","theme-transparent-header-meta":"","adv-header-id-meta":"","stick-header-meta":"","header-above-stick-meta":"","header-main-stick-meta":"","header-below-stick-meta":"","astra-migrate-meta-layouts":"default","ast-page-background-enabled":"default","ast-page-background-meta":{"desktop":{"background-color":"var(--ast-global-color-4)","background-image":"","background-repeat":"repeat","background-position":"center center","background-size":"auto","background-attachment":"scroll","background-type":"","background-media":"","overlay-type":"","overlay-color":"","overlay-opacity":"","overlay-gradient":""},"tablet":{"background-color":"","background-image":"","background-repeat":"repeat","background-position":"center center","background-size":"auto","background-attachment":"scroll","background-type":"","background-media":"","overlay-type":"","overlay-color":"","overlay-opacity":"","overlay-gradient":""},"mobile":{"background-color":"","background-image":"","background-repeat":"repeat","background-position":"center center","background-size":"auto","background-attachment":"scroll","background-type":"","background-media":"","overlay-type":"","overlay-color":"","overlay-opacity":"","overlay-gradient":""}},"ast-content-background-meta":{"desktop":{"background-color":"var(--ast-global-color-5)","background-image":"","background-repeat":"repeat","background-position":"center center","background-size":"auto","background-attachment":"scroll","background-type":"","background-media":"","overlay-type":"","overlay-color":"","overlay-opacity":"","overlay-gradient":""},"tablet":{"background-color":"var(--ast-global-color-5)","background-image":"","background-repeat":"repeat","background-position":"center center","background-size":"auto","background-attachment":"scroll","background-type":"","background-media":"","overlay-type":"","overlay-color":"","overlay-opacity":"","overlay-gradient":""},"mobile":{"background-color":"var(--ast-global-color-5)","background-image":"","background-repeat":"repeat","background-position":"center center","background-size":"auto","background-attachment":"scroll","background-type":"","background-media":"","overlay-type":"","overlay-color":"","overlay-opacity":"","overlay-gradient":""}},"footnotes":""},"categories":[1,29],"tags":[],"class_list":["post-1674","post","type-post","status-publish","format-standard","has-post-thumbnail","hentry","category-general","category-portada"],"post_mailing_queue_ids":[],"_links":{"self":[{"href":"https:\/\/agora.xtec.cat\/zerconca\/wp-json\/wp\/v2\/posts\/1674","targetHints":{"allow":["GET"]}}],"collection":[{"href":"https:\/\/agora.xtec.cat\/zerconca\/wp-json\/wp\/v2\/posts"}],"about":[{"href":"https:\/\/agora.xtec.cat\/zerconca\/wp-json\/wp\/v2\/types\/post"}],"author":[{"embeddable":true,"href":"https:\/\/agora.xtec.cat\/zerconca\/wp-json\/wp\/v2\/users\/1"}],"replies":[{"embeddable":true,"href":"https:\/\/agora.xtec.cat\/zerconca\/wp-json\/wp\/v2\/comments?post=1674"}],"version-history":[{"count":3,"href":"https:\/\/agora.xtec.cat\/zerconca\/wp-json\/wp\/v2\/posts\/1674\/revisions"}],"predecessor-version":[{"id":1687,"href":"https:\/\/agora.xtec.cat\/zerconca\/wp-json\/wp\/v2\/posts\/1674\/revisions\/1687"}],"wp:featuredmedia":[{"embeddable":true,"href":"https:\/\/agora.xtec.cat\/zerconca\/wp-json\/wp\/v2\/media\/1683"}],"wp:attachment":[{"href":"https:\/\/agora.xtec.cat\/zerconca\/wp-json\/wp\/v2\/media?parent=1674"}],"wp:term":[{"taxonomy":"category","embeddable":true,"href":"https:\/\/agora.xtec.cat\/zerconca\/wp-json\/wp\/v2\/categories?post=1674"},{"taxonomy":"post_tag","embeddable":true,"href":"https:\/\/agora.xtec.cat\/zerconca\/wp-json\/wp\/v2\/tags?post=1674"}],"curies":[{"name":"wp","href":"https:\/\/api.w.org\/{rel}","templated":true}]}}