{"id":961,"date":"2018-06-21T17:31:51","date_gmt":"2018-06-21T15:31:51","guid":{"rendered":"https:\/\/agora.xtec.cat\/zercepdesis\/?p=961"},"modified":"2021-02-21T17:37:50","modified_gmt":"2021-02-21T16:37:50","slug":"joves-cantants-impressionant","status":"publish","type":"post","link":"https:\/\/agora.xtec.cat\/zercepdesis\/esc-viro\/curs-2017-2018\/joves-cantants-impressionant\/","title":{"rendered":"JOVES CANTANTS! IMPRESSIONANT!"},"content":{"rendered":"<p>Les nenes i els nens dels Mini-Einsteins han gravat el videoclip de la m\u00edtica can\u00e7\u00f3 &#8220;We are the world&#8221;. Un treball en grup, coordinat per la Ruth, que ha tingut aquest resultat fant\u00e0stic!<\/p>\n<p>Mireu, mireu!<\/p>\n<p><iframe loading=\"lazy\" title=\"We are the World (versionada)\" width=\"500\" height=\"281\" src=\"https:\/\/www.youtube.com\/embed\/2gLUgKJKwLA?feature=oembed\" frameborder=\"0\" allow=\"accelerometer; autoplay; clipboard-write; encrypted-media; gyroscope; picture-in-picture; web-share\" referrerpolicy=\"strict-origin-when-cross-origin\" allowfullscreen><\/iframe><\/p>\n","protected":false},"excerpt":{"rendered":"<p>Les nenes i els nens dels Mini-Einsteins han gravat el videoclip de la m\u00edtica can\u00e7\u00f3 &#8220;We are the world&#8221;. Un treball en grup, coordinat per la Ruth, que ha tingut aquest resultat fant\u00e0stic!<br \/>\nMireu, mireu!<\/p>\n","protected":false},"author":1,"featured_media":0,"comment_status":"open","ping_status":"closed","sticky":false,"template":"","format":"standard","meta":{"_bbp_topic_count":0,"_bbp_reply_count":0,"_bbp_total_topic_count":0,"_bbp_total_reply_count":0,"_bbp_voice_count":0,"_bbp_anonymous_reply_count":0,"_bbp_topic_count_hidden":0,"_bbp_reply_count_hidden":0,"_bbp_forum_subforum_count":0,"footnotes":""},"categories":[125,136],"tags":[137,124],"class_list":["post-961","post","type-post","status-publish","format-standard","hentry","category-curs-2017-2018","category-esc-viro","tag-els-mini-einteins","tag-portada"],"post_mailing_queue_ids":[],"_links":{"self":[{"href":"https:\/\/agora.xtec.cat\/zercepdesis\/wp-json\/wp\/v2\/posts\/961","targetHints":{"allow":["GET"]}}],"collection":[{"href":"https:\/\/agora.xtec.cat\/zercepdesis\/wp-json\/wp\/v2\/posts"}],"about":[{"href":"https:\/\/agora.xtec.cat\/zercepdesis\/wp-json\/wp\/v2\/types\/post"}],"author":[{"embeddable":true,"href":"https:\/\/agora.xtec.cat\/zercepdesis\/wp-json\/wp\/v2\/users\/1"}],"replies":[{"embeddable":true,"href":"https:\/\/agora.xtec.cat\/zercepdesis\/wp-json\/wp\/v2\/comments?post=961"}],"version-history":[{"count":1,"href":"https:\/\/agora.xtec.cat\/zercepdesis\/wp-json\/wp\/v2\/posts\/961\/revisions"}],"predecessor-version":[{"id":962,"href":"https:\/\/agora.xtec.cat\/zercepdesis\/wp-json\/wp\/v2\/posts\/961\/revisions\/962"}],"wp:attachment":[{"href":"https:\/\/agora.xtec.cat\/zercepdesis\/wp-json\/wp\/v2\/media?parent=961"}],"wp:term":[{"taxonomy":"category","embeddable":true,"href":"https:\/\/agora.xtec.cat\/zercepdesis\/wp-json\/wp\/v2\/categories?post=961"},{"taxonomy":"post_tag","embeddable":true,"href":"https:\/\/agora.xtec.cat\/zercepdesis\/wp-json\/wp\/v2\/tags?post=961"}],"curies":[{"name":"wp","href":"https:\/\/api.w.org\/{rel}","templated":true}]}}