{"id":945,"date":"2017-12-01T17:19:50","date_gmt":"2017-12-01T16:19:50","guid":{"rendered":"https:\/\/agora.xtec.cat\/zercepdesis\/?p=945"},"modified":"2021-02-21T17:22:45","modified_gmt":"2021-02-21T16:22:45","slug":"doble-conferencia","status":"publish","type":"post","link":"https:\/\/agora.xtec.cat\/zercepdesis\/esc-viro\/curs-2017-2018\/doble-conferencia\/","title":{"rendered":"DOBLE CONFER\u00c8NCIA"},"content":{"rendered":"<p style=\"font-weight: 400;\">La D\u00e0nia i l\u2019Abdal han estat els encarregats de fer la confer\u00e8ncia aquesta setmana. En el cas de la D\u00e0nia, ens ha parlat d\u2019un monument molt representatiu dels Estats Units: L\u2019EST\u00c0TUA DE LA LLIBERTAT. Un monument que, segons ens ha explicat, va regalar Fran\u00e7a a aquest pa\u00eds americ\u00e0.<\/p>\n<p style=\"font-weight: 400;\">L\u2019Abdal per la seva banda ens ha parlat de la m\u00edtica furgoneta de la companyia alemanya Volkswagen. Un vehicle que segur que heu vist a la carretera i que ha anat evolucionant, segons ens ha explicat l\u2019Abdal.<\/p>\n<p style=\"font-weight: 400;\">Els dos ho heu fet molt b\u00e9!<\/p>\n<p><a href=\"https:\/\/agora.xtec.cat\/zercepdesis\/wp-content\/uploads\/usu2412\/2021\/02\/02-DOBLE-CONFER\u00c8NCIA-1.jpg\"><img loading=\"lazy\" decoding=\"async\" class=\"alignnone wp-image-946\" src=\"https:\/\/agora.xtec.cat\/zercepdesis\/wp-content\/uploads\/usu2412\/2021\/02\/02-DOBLE-CONFER\u00c8NCIA-1.jpg\" alt=\"\" width=\"504\" height=\"378\" srcset=\"https:\/\/agora.xtec.cat\/zercepdesis\/wp-content\/uploads\/usu2412\/2021\/02\/02-DOBLE-CONFER\u00c8NCIA-1.jpg 320w, https:\/\/agora.xtec.cat\/zercepdesis\/wp-content\/uploads\/usu2412\/2021\/02\/02-DOBLE-CONFER\u00c8NCIA-1-300x225.jpg 300w, https:\/\/agora.xtec.cat\/zercepdesis\/wp-content\/uploads\/usu2412\/2021\/02\/02-DOBLE-CONFER\u00c8NCIA-1-200x150.jpg 200w\" sizes=\"auto, (max-width: 504px) 100vw, 504px\" \/><\/a><\/p>\n<p><a href=\"https:\/\/agora.xtec.cat\/zercepdesis\/wp-content\/uploads\/usu2412\/2021\/02\/02-DOBLE-CONFER\u00c8NCIA-2.jpg\"><img loading=\"lazy\" decoding=\"async\" class=\"alignnone wp-image-947\" src=\"https:\/\/agora.xtec.cat\/zercepdesis\/wp-content\/uploads\/usu2412\/2021\/02\/02-DOBLE-CONFER\u00c8NCIA-2.jpg\" alt=\"\" width=\"504\" height=\"378\" srcset=\"https:\/\/agora.xtec.cat\/zercepdesis\/wp-content\/uploads\/usu2412\/2021\/02\/02-DOBLE-CONFER\u00c8NCIA-2.jpg 320w, https:\/\/agora.xtec.cat\/zercepdesis\/wp-content\/uploads\/usu2412\/2021\/02\/02-DOBLE-CONFER\u00c8NCIA-2-300x225.jpg 300w, https:\/\/agora.xtec.cat\/zercepdesis\/wp-content\/uploads\/usu2412\/2021\/02\/02-DOBLE-CONFER\u00c8NCIA-2-200x150.jpg 200w\" sizes=\"auto, (max-width: 504px) 100vw, 504px\" \/><\/a><\/p>\n","protected":false},"excerpt":{"rendered":"<p>La D\u00e0nia i l\u2019Abdal han estat els encarregats de fer la confer\u00e8ncia aquesta setmana. En el cas de la D\u00e0nia, ens ha parlat d\u2019un monument molt representatiu dels Estats Units: L\u2019EST\u00c0TUA DE LA LLIBERTAT. Un monument que, segons ens ha explicat, va regalar Fran\u00e7a a&hellip;  <a href=\"https:\/\/agora.xtec.cat\/zercepdesis\/esc-viro\/curs-2017-2018\/doble-conferencia\/\" title=\"Read DOBLE CONFER\u00c8NCIA\">Llegeix m\u00e9s\u00bb<\/a><\/p>\n","protected":false},"author":1,"featured_media":0,"comment_status":"open","ping_status":"closed","sticky":false,"template":"","format":"standard","meta":{"_bbp_topic_count":0,"_bbp_reply_count":0,"_bbp_total_topic_count":0,"_bbp_total_reply_count":0,"_bbp_voice_count":0,"_bbp_anonymous_reply_count":0,"_bbp_topic_count_hidden":0,"_bbp_reply_count_hidden":0,"_bbp_forum_subforum_count":0,"footnotes":""},"categories":[125,136],"tags":[128,124],"class_list":["post-945","post","type-post","status-publish","format-standard","hentry","category-curs-2017-2018","category-esc-viro","tag-conferencies-2017-2018","tag-portada"],"post_mailing_queue_ids":[],"_links":{"self":[{"href":"https:\/\/agora.xtec.cat\/zercepdesis\/wp-json\/wp\/v2\/posts\/945","targetHints":{"allow":["GET"]}}],"collection":[{"href":"https:\/\/agora.xtec.cat\/zercepdesis\/wp-json\/wp\/v2\/posts"}],"about":[{"href":"https:\/\/agora.xtec.cat\/zercepdesis\/wp-json\/wp\/v2\/types\/post"}],"author":[{"embeddable":true,"href":"https:\/\/agora.xtec.cat\/zercepdesis\/wp-json\/wp\/v2\/users\/1"}],"replies":[{"embeddable":true,"href":"https:\/\/agora.xtec.cat\/zercepdesis\/wp-json\/wp\/v2\/comments?post=945"}],"version-history":[{"count":1,"href":"https:\/\/agora.xtec.cat\/zercepdesis\/wp-json\/wp\/v2\/posts\/945\/revisions"}],"predecessor-version":[{"id":948,"href":"https:\/\/agora.xtec.cat\/zercepdesis\/wp-json\/wp\/v2\/posts\/945\/revisions\/948"}],"wp:attachment":[{"href":"https:\/\/agora.xtec.cat\/zercepdesis\/wp-json\/wp\/v2\/media?parent=945"}],"wp:term":[{"taxonomy":"category","embeddable":true,"href":"https:\/\/agora.xtec.cat\/zercepdesis\/wp-json\/wp\/v2\/categories?post=945"},{"taxonomy":"post_tag","embeddable":true,"href":"https:\/\/agora.xtec.cat\/zercepdesis\/wp-json\/wp\/v2\/tags?post=945"}],"curies":[{"name":"wp","href":"https:\/\/api.w.org\/{rel}","templated":true}]}}