{"id":936,"date":"2017-12-15T17:11:42","date_gmt":"2017-12-15T16:11:42","guid":{"rendered":"https:\/\/agora.xtec.cat\/zercepdesis\/?p=936"},"modified":"2021-02-21T18:47:18","modified_gmt":"2021-02-21T17:47:18","slug":"conferencia-astronomica","status":"publish","type":"post","link":"https:\/\/agora.xtec.cat\/zercepdesis\/esc-viro\/curs-2017-2018\/conferencia-astronomica\/","title":{"rendered":"CONFER\u00c8NCIA ASTRON\u00d2MICA"},"content":{"rendered":"<p style=\"font-weight: 400;\">Aquesta setmana la Juna ha estat l\u2019encarregada de fer la seva confer\u00e8ncia sobre el SISTEMA SOLAR. De fet \u00e9s la primera confer\u00e8ncia que fa i ho ha fet molt i molt b\u00e9 explicant-nos el moviment dels planetes!<\/p>\n<p style=\"font-weight: 400;\">Moltes gr\u00e0cies Juna!<\/p>\n<p><a href=\"https:\/\/agora.xtec.cat\/zercepdesis\/wp-content\/uploads\/usu2412\/2021\/02\/09-Juna.jpg\"><img loading=\"lazy\" decoding=\"async\" class=\"alignnone size-full wp-image-937\" src=\"https:\/\/agora.xtec.cat\/zercepdesis\/wp-content\/uploads\/usu2412\/2021\/02\/09-Juna.jpg\" alt=\"\" width=\"320\" height=\"240\" srcset=\"https:\/\/agora.xtec.cat\/zercepdesis\/wp-content\/uploads\/usu2412\/2021\/02\/09-Juna.jpg 320w, https:\/\/agora.xtec.cat\/zercepdesis\/wp-content\/uploads\/usu2412\/2021\/02\/09-Juna-300x225.jpg 300w, https:\/\/agora.xtec.cat\/zercepdesis\/wp-content\/uploads\/usu2412\/2021\/02\/09-Juna-200x150.jpg 200w\" sizes=\"auto, (max-width: 320px) 100vw, 320px\" \/><\/a><\/p>\n","protected":false},"excerpt":{"rendered":"<p>Aquesta setmana la Juna ha estat l\u2019encarregada de fer la seva confer\u00e8ncia sobre el SISTEMA SOLAR. De fet \u00e9s la primera confer\u00e8ncia que fa i ho ha fet molt i molt b\u00e9 explicant-nos el moviment dels planetes!<br \/>\nMoltes gr\u00e0cies Juna!<br \/>\n<a href=\"https:\/\/agora.xtec.cat\/zercepdesis\/wp-content\/uploads\/usu2412\/2021\/02\/09-Juna.jpg\"><\/a><\/p>\n","protected":false},"author":1,"featured_media":0,"comment_status":"open","ping_status":"closed","sticky":false,"template":"","format":"standard","meta":{"_bbp_topic_count":0,"_bbp_reply_count":0,"_bbp_total_topic_count":0,"_bbp_total_reply_count":0,"_bbp_voice_count":0,"_bbp_anonymous_reply_count":0,"_bbp_topic_count_hidden":0,"_bbp_reply_count_hidden":0,"_bbp_forum_subforum_count":0,"footnotes":""},"categories":[125,136],"tags":[128,124],"class_list":["post-936","post","type-post","status-publish","format-standard","hentry","category-curs-2017-2018","category-esc-viro","tag-conferencies-2017-2018","tag-portada"],"post_mailing_queue_ids":[],"_links":{"self":[{"href":"https:\/\/agora.xtec.cat\/zercepdesis\/wp-json\/wp\/v2\/posts\/936","targetHints":{"allow":["GET"]}}],"collection":[{"href":"https:\/\/agora.xtec.cat\/zercepdesis\/wp-json\/wp\/v2\/posts"}],"about":[{"href":"https:\/\/agora.xtec.cat\/zercepdesis\/wp-json\/wp\/v2\/types\/post"}],"author":[{"embeddable":true,"href":"https:\/\/agora.xtec.cat\/zercepdesis\/wp-json\/wp\/v2\/users\/1"}],"replies":[{"embeddable":true,"href":"https:\/\/agora.xtec.cat\/zercepdesis\/wp-json\/wp\/v2\/comments?post=936"}],"version-history":[{"count":1,"href":"https:\/\/agora.xtec.cat\/zercepdesis\/wp-json\/wp\/v2\/posts\/936\/revisions"}],"predecessor-version":[{"id":938,"href":"https:\/\/agora.xtec.cat\/zercepdesis\/wp-json\/wp\/v2\/posts\/936\/revisions\/938"}],"wp:attachment":[{"href":"https:\/\/agora.xtec.cat\/zercepdesis\/wp-json\/wp\/v2\/media?parent=936"}],"wp:term":[{"taxonomy":"category","embeddable":true,"href":"https:\/\/agora.xtec.cat\/zercepdesis\/wp-json\/wp\/v2\/categories?post=936"},{"taxonomy":"post_tag","embeddable":true,"href":"https:\/\/agora.xtec.cat\/zercepdesis\/wp-json\/wp\/v2\/tags?post=936"}],"curies":[{"name":"wp","href":"https:\/\/api.w.org\/{rel}","templated":true}]}}