{"id":918,"date":"2018-01-26T16:54:37","date_gmt":"2018-01-26T15:54:37","guid":{"rendered":"https:\/\/agora.xtec.cat\/zercepdesis\/?p=918"},"modified":"2021-02-21T16:58:12","modified_gmt":"2021-02-21T15:58:12","slug":"conferencia-llunatica","status":"publish","type":"post","link":"https:\/\/agora.xtec.cat\/zercepdesis\/esc-viro\/curs-2017-2018\/conferencia-llunatica\/","title":{"rendered":"CONFER\u00c8NCIA LLUN\u00c0TICA"},"content":{"rendered":"<p style=\"font-weight: 400;\">La Judit ens ha presentat la seva confer\u00e8ncia sobre un astre que d\u00f3na voltes a la Terra: LA LLUNA. Ens ha explicat la dist\u00e0ncia a la que est\u00e0 la Lluna, de quins materials est\u00e0 feta i les diferents fases lunars. Ah! I tamb\u00e9 ens ha explicat com va ser el primer viatge dels humans a aquest sat\u00e8l\u00b7lit!<\/p>\n<p style=\"font-weight: 400;\">Bona feina Judit!<\/p>\n<p><a href=\"https:\/\/agora.xtec.cat\/zercepdesis\/wp-content\/uploads\/usu2412\/2021\/02\/02-Confer\u00e8ncia-llun\u00e0tica.jpg\"><img loading=\"lazy\" decoding=\"async\" class=\"alignnone wp-image-919\" src=\"https:\/\/agora.xtec.cat\/zercepdesis\/wp-content\/uploads\/usu2412\/2021\/02\/02-Confer\u00e8ncia-llun\u00e0tica-1024x768.jpg\" alt=\"\" width=\"502\" height=\"376\" srcset=\"https:\/\/agora.xtec.cat\/zercepdesis\/wp-content\/uploads\/usu2412\/2021\/02\/02-Confer\u00e8ncia-llun\u00e0tica-1024x768.jpg 1024w, https:\/\/agora.xtec.cat\/zercepdesis\/wp-content\/uploads\/usu2412\/2021\/02\/02-Confer\u00e8ncia-llun\u00e0tica-300x225.jpg 300w, https:\/\/agora.xtec.cat\/zercepdesis\/wp-content\/uploads\/usu2412\/2021\/02\/02-Confer\u00e8ncia-llun\u00e0tica-768x576.jpg 768w, https:\/\/agora.xtec.cat\/zercepdesis\/wp-content\/uploads\/usu2412\/2021\/02\/02-Confer\u00e8ncia-llun\u00e0tica-200x150.jpg 200w, https:\/\/agora.xtec.cat\/zercepdesis\/wp-content\/uploads\/usu2412\/2021\/02\/02-Confer\u00e8ncia-llun\u00e0tica.jpg 1600w\" sizes=\"auto, (max-width: 502px) 100vw, 502px\" \/><\/a><\/p>\n","protected":false},"excerpt":{"rendered":"<p>La Judit ens ha presentat la seva confer\u00e8ncia sobre un astre que d\u00f3na voltes a la Terra: LA LLUNA. Ens ha explicat la dist\u00e0ncia a la que est\u00e0 la Lluna, de quins materials est\u00e0 feta i les diferents fases lunars. Ah! I tamb\u00e9 ens ha&hellip;  <a href=\"https:\/\/agora.xtec.cat\/zercepdesis\/esc-viro\/curs-2017-2018\/conferencia-llunatica\/\" title=\"Read CONFER\u00c8NCIA LLUN\u00c0TICA\">Llegeix m\u00e9s\u00bb<\/a><\/p>\n","protected":false},"author":1,"featured_media":0,"comment_status":"open","ping_status":"closed","sticky":false,"template":"","format":"standard","meta":{"_bbp_topic_count":0,"_bbp_reply_count":0,"_bbp_total_topic_count":0,"_bbp_total_reply_count":0,"_bbp_voice_count":0,"_bbp_anonymous_reply_count":0,"_bbp_topic_count_hidden":0,"_bbp_reply_count_hidden":0,"_bbp_forum_subforum_count":0,"footnotes":""},"categories":[125,136],"tags":[128,124],"class_list":["post-918","post","type-post","status-publish","format-standard","hentry","category-curs-2017-2018","category-esc-viro","tag-conferencies-2017-2018","tag-portada"],"post_mailing_queue_ids":[],"_links":{"self":[{"href":"https:\/\/agora.xtec.cat\/zercepdesis\/wp-json\/wp\/v2\/posts\/918","targetHints":{"allow":["GET"]}}],"collection":[{"href":"https:\/\/agora.xtec.cat\/zercepdesis\/wp-json\/wp\/v2\/posts"}],"about":[{"href":"https:\/\/agora.xtec.cat\/zercepdesis\/wp-json\/wp\/v2\/types\/post"}],"author":[{"embeddable":true,"href":"https:\/\/agora.xtec.cat\/zercepdesis\/wp-json\/wp\/v2\/users\/1"}],"replies":[{"embeddable":true,"href":"https:\/\/agora.xtec.cat\/zercepdesis\/wp-json\/wp\/v2\/comments?post=918"}],"version-history":[{"count":2,"href":"https:\/\/agora.xtec.cat\/zercepdesis\/wp-json\/wp\/v2\/posts\/918\/revisions"}],"predecessor-version":[{"id":921,"href":"https:\/\/agora.xtec.cat\/zercepdesis\/wp-json\/wp\/v2\/posts\/918\/revisions\/921"}],"wp:attachment":[{"href":"https:\/\/agora.xtec.cat\/zercepdesis\/wp-json\/wp\/v2\/media?parent=918"}],"wp:term":[{"taxonomy":"category","embeddable":true,"href":"https:\/\/agora.xtec.cat\/zercepdesis\/wp-json\/wp\/v2\/categories?post=918"},{"taxonomy":"post_tag","embeddable":true,"href":"https:\/\/agora.xtec.cat\/zercepdesis\/wp-json\/wp\/v2\/tags?post=918"}],"curies":[{"name":"wp","href":"https:\/\/api.w.org\/{rel}","templated":true}]}}