{"id":912,"date":"2018-02-07T16:51:24","date_gmt":"2018-02-07T15:51:24","guid":{"rendered":"https:\/\/agora.xtec.cat\/zercepdesis\/?p=912"},"modified":"2021-02-21T16:52:45","modified_gmt":"2021-02-21T15:52:45","slug":"conferencia-acolorida","status":"publish","type":"post","link":"https:\/\/agora.xtec.cat\/zercepdesis\/esc-viro\/curs-2017-2018\/conferencia-acolorida\/","title":{"rendered":"CONFER\u00c8NCIA ACOLORIDA"},"content":{"rendered":"<p style=\"font-weight: 400;\">L\u2019Ona ens ha portat la seva confer\u00e8ncia sobre L\u2019ARC DE SANT MART\u00cd, explicant-nos qu\u00e8 \u00e9s i qu\u00e8 representa per nosaltres. Sab\u00edeu que pels japonesos \u00e9s un senyal de mala sort i que en canvi hi ha moltes cultures que pensen que \u00e9s un pont entre el cel i la terra? Doncs tot aix\u00f2 ens ho ha explicat l\u2019Ona!<\/p>\n<p style=\"font-weight: 400;\">Moltes gr\u00e0cies!<\/p>\n<p><a href=\"https:\/\/agora.xtec.cat\/zercepdesis\/wp-content\/uploads\/usu2412\/2021\/02\/03-Ona-2.jpg\"><img loading=\"lazy\" decoding=\"async\" class=\"alignnone wp-image-913\" src=\"https:\/\/agora.xtec.cat\/zercepdesis\/wp-content\/uploads\/usu2412\/2021\/02\/03-Ona-2-1024x768.jpg\" alt=\"\" width=\"498\" height=\"374\" srcset=\"https:\/\/agora.xtec.cat\/zercepdesis\/wp-content\/uploads\/usu2412\/2021\/02\/03-Ona-2-1024x768.jpg 1024w, https:\/\/agora.xtec.cat\/zercepdesis\/wp-content\/uploads\/usu2412\/2021\/02\/03-Ona-2-300x225.jpg 300w, https:\/\/agora.xtec.cat\/zercepdesis\/wp-content\/uploads\/usu2412\/2021\/02\/03-Ona-2-768x576.jpg 768w, https:\/\/agora.xtec.cat\/zercepdesis\/wp-content\/uploads\/usu2412\/2021\/02\/03-Ona-2-200x150.jpg 200w, https:\/\/agora.xtec.cat\/zercepdesis\/wp-content\/uploads\/usu2412\/2021\/02\/03-Ona-2.jpg 1600w\" sizes=\"auto, (max-width: 498px) 100vw, 498px\" \/><\/a><\/p>\n","protected":false},"excerpt":{"rendered":"<p>L\u2019Ona ens ha portat la seva confer\u00e8ncia sobre L\u2019ARC DE SANT MART\u00cd, explicant-nos qu\u00e8 \u00e9s i qu\u00e8 representa per nosaltres. Sab\u00edeu que pels japonesos \u00e9s un senyal de mala sort i que en canvi hi ha moltes cultures que pensen que \u00e9s un pont entre&hellip;  <a href=\"https:\/\/agora.xtec.cat\/zercepdesis\/esc-viro\/curs-2017-2018\/conferencia-acolorida\/\" title=\"Read CONFER\u00c8NCIA ACOLORIDA\">Llegeix m\u00e9s\u00bb<\/a><\/p>\n","protected":false},"author":1,"featured_media":0,"comment_status":"open","ping_status":"closed","sticky":false,"template":"","format":"standard","meta":{"_bbp_topic_count":0,"_bbp_reply_count":0,"_bbp_total_topic_count":0,"_bbp_total_reply_count":0,"_bbp_voice_count":0,"_bbp_anonymous_reply_count":0,"_bbp_topic_count_hidden":0,"_bbp_reply_count_hidden":0,"_bbp_forum_subforum_count":0,"footnotes":""},"categories":[125,136],"tags":[128,124],"class_list":["post-912","post","type-post","status-publish","format-standard","hentry","category-curs-2017-2018","category-esc-viro","tag-conferencies-2017-2018","tag-portada"],"post_mailing_queue_ids":[],"_links":{"self":[{"href":"https:\/\/agora.xtec.cat\/zercepdesis\/wp-json\/wp\/v2\/posts\/912","targetHints":{"allow":["GET"]}}],"collection":[{"href":"https:\/\/agora.xtec.cat\/zercepdesis\/wp-json\/wp\/v2\/posts"}],"about":[{"href":"https:\/\/agora.xtec.cat\/zercepdesis\/wp-json\/wp\/v2\/types\/post"}],"author":[{"embeddable":true,"href":"https:\/\/agora.xtec.cat\/zercepdesis\/wp-json\/wp\/v2\/users\/1"}],"replies":[{"embeddable":true,"href":"https:\/\/agora.xtec.cat\/zercepdesis\/wp-json\/wp\/v2\/comments?post=912"}],"version-history":[{"count":1,"href":"https:\/\/agora.xtec.cat\/zercepdesis\/wp-json\/wp\/v2\/posts\/912\/revisions"}],"predecessor-version":[{"id":914,"href":"https:\/\/agora.xtec.cat\/zercepdesis\/wp-json\/wp\/v2\/posts\/912\/revisions\/914"}],"wp:attachment":[{"href":"https:\/\/agora.xtec.cat\/zercepdesis\/wp-json\/wp\/v2\/media?parent=912"}],"wp:term":[{"taxonomy":"category","embeddable":true,"href":"https:\/\/agora.xtec.cat\/zercepdesis\/wp-json\/wp\/v2\/categories?post=912"},{"taxonomy":"post_tag","embeddable":true,"href":"https:\/\/agora.xtec.cat\/zercepdesis\/wp-json\/wp\/v2\/tags?post=912"}],"curies":[{"name":"wp","href":"https:\/\/api.w.org\/{rel}","templated":true}]}}