{"id":832,"date":"2021-02-09T10:26:49","date_gmt":"2021-02-09T09:26:49","guid":{"rendered":"https:\/\/agora.xtec.cat\/zercepdesis\/?p=832"},"modified":"2021-02-21T18:19:57","modified_gmt":"2021-02-21T17:19:57","slug":"diumenge-1-de-novembre-de-2020","status":"publish","type":"post","link":"https:\/\/agora.xtec.cat\/zercepdesis\/zer\/diumenge-1-de-novembre-de-2020\/","title":{"rendered":"CONCERT DE NADAL"},"content":{"rendered":"<div class=\"columns-inner\">\n<div class=\"column-center-outer\">\n<div class=\"column-center-inner\">\n<div id=\"main\" class=\"main section\">\n<div id=\"Blog1\" class=\"widget Blog\" data-version=\"1\">\n<div class=\"blog-posts hfeed\">\n<div class=\"date-outer\">\n<p class=\"date-header\"><span style=\"font-family: inherit; font-size: 1em; font-weight: normal;\">Hola a totes i a totes! Entre una cosa i l&#8217;altra el v\u00eddeo quasi arriba un any m\u00e9s tard&#8230; per\u00f2 aqu\u00ed est\u00e0!<\/span><\/p>\n<div class=\"date-posts\">\n<div class=\"post-outer\">\n<div class=\"post hentry uncustomized-post-template\">\n<div id=\"post-body-3338671754158672200\" class=\"post-body entry-content\">\n<p>Esperem que us agradi i el gaudiu igual que nosaltres vam gaudir preparant-ho.<\/p>\n<p>&nbsp;<\/p>\n<\/div>\n<\/div>\n<\/div>\n<\/div>\n<\/div>\n<\/div>\n<\/div>\n<\/div>\n<\/div>\n<\/div>\n<\/div>\n","protected":false},"excerpt":{"rendered":"<p>Hola a totes i a totes! Entre una cosa i l&#8217;altra el v\u00eddeo quasi arriba un any m\u00e9s tard&#8230; per\u00f2 aqu\u00ed est\u00e0!<\/p>\n<p>Esperem que us agradi i el gaudiu igual que nosaltres vam gaudir preparant-ho.<br \/>\n&nbsp;<\/p>\n","protected":false},"author":1,"featured_media":0,"comment_status":"open","ping_status":"closed","sticky":false,"template":"","format":"standard","meta":{"_bbp_topic_count":0,"_bbp_reply_count":0,"_bbp_total_topic_count":0,"_bbp_total_reply_count":0,"_bbp_voice_count":0,"_bbp_anonymous_reply_count":0,"_bbp_topic_count_hidden":0,"_bbp_reply_count_hidden":0,"_bbp_forum_subforum_count":0,"footnotes":""},"categories":[1],"tags":[133],"class_list":["post-832","post","type-post","status-publish","format-standard","hentry","category-zer","tag-concert-de-nadal"],"post_mailing_queue_ids":[],"_links":{"self":[{"href":"https:\/\/agora.xtec.cat\/zercepdesis\/wp-json\/wp\/v2\/posts\/832","targetHints":{"allow":["GET"]}}],"collection":[{"href":"https:\/\/agora.xtec.cat\/zercepdesis\/wp-json\/wp\/v2\/posts"}],"about":[{"href":"https:\/\/agora.xtec.cat\/zercepdesis\/wp-json\/wp\/v2\/types\/post"}],"author":[{"embeddable":true,"href":"https:\/\/agora.xtec.cat\/zercepdesis\/wp-json\/wp\/v2\/users\/1"}],"replies":[{"embeddable":true,"href":"https:\/\/agora.xtec.cat\/zercepdesis\/wp-json\/wp\/v2\/comments?post=832"}],"version-history":[{"count":3,"href":"https:\/\/agora.xtec.cat\/zercepdesis\/wp-json\/wp\/v2\/posts\/832\/revisions"}],"predecessor-version":[{"id":1009,"href":"https:\/\/agora.xtec.cat\/zercepdesis\/wp-json\/wp\/v2\/posts\/832\/revisions\/1009"}],"wp:attachment":[{"href":"https:\/\/agora.xtec.cat\/zercepdesis\/wp-json\/wp\/v2\/media?parent=832"}],"wp:term":[{"taxonomy":"category","embeddable":true,"href":"https:\/\/agora.xtec.cat\/zercepdesis\/wp-json\/wp\/v2\/categories?post=832"},{"taxonomy":"post_tag","embeddable":true,"href":"https:\/\/agora.xtec.cat\/zercepdesis\/wp-json\/wp\/v2\/tags?post=832"}],"curies":[{"name":"wp","href":"https:\/\/api.w.org\/{rel}","templated":true}]}}