{"id":766,"date":"2018-05-18T16:33:09","date_gmt":"2018-05-18T14:33:09","guid":{"rendered":"https:\/\/agora.xtec.cat\/zercepdesis\/?p=766"},"modified":"2021-02-05T19:43:59","modified_gmt":"2021-02-05T18:43:59","slug":"triple-conferencia","status":"publish","type":"post","link":"https:\/\/agora.xtec.cat\/zercepdesis\/esc-viro\/curs-2017-2018\/triple-conferencia\/","title":{"rendered":"TRIPLE CONFER\u00c8NCIA"},"content":{"rendered":"<p style=\"font-weight: 400;\">Aquesta setmana hem tingut tres s\u00faper confer\u00e8ncies: la de la Valentina, la d\u2019en Den\u00eds i la de l\u2019Antonio. La primera ens va parlar de LES FADES explicant-nos que s\u00f3n \u00e9ssers fant\u00e0stics que tenen ales i que poden viure en llocs diferents com el foc, l\u2019aigua o el bosc. Molt b\u00e9 Valentina!<\/p>\n<p><img loading=\"lazy\" decoding=\"async\" class=\"\" src=\"https:\/\/2.bp.blogspot.com\/-9-nCkOZ1gUU\/Wv5-vAgFlTI\/AAAAAAAAgOU\/DFDSsTQFwaEE2BpYV4VX7bXSQ86y8G4ZACEwYBhgL\/s1600\/foto%2B1.JPG\" width=\"478\" height=\"358\" \/><\/p>\n<p>La segona de les confer\u00e8ncies ens va parlar de l\u2019OCEANOGR\u00c0FIC que est\u00e0 a Val\u00e8ncia i ens va explicar la gran quantitat d\u2019animals marins que hi podem trobar. Molt bona feina Den\u00eds!<\/p>\n<p><img loading=\"lazy\" decoding=\"async\" class=\"\" src=\"https:\/\/1.bp.blogspot.com\/-VdVZXaGECaI\/Wv5-xmYNrPI\/AAAAAAAAgOY\/AxRQj6RIRp0GI1h0zULH8qgCsQB-NTboACEwYBhgL\/s400\/foto%2B2.JPG\" width=\"472\" height=\"354\" \/><\/p>\n<p>La tercera de les confer\u00e8ncies va ser sobre EL VI explicant-nos el seu proc\u00e9s de producci\u00f3 perqu\u00e8 l\u2019Antonio n\u2019\u00e9s molt expert. Ens va portar una ampolla de vi blanc etiquetada per ell mateix! Felicitats Antonio!<\/p>\n<p><img loading=\"lazy\" decoding=\"async\" class=\"\" src=\"https:\/\/1.bp.blogspot.com\/-VMSoiNc5FFo\/Wv5-x9tHXVI\/AAAAAAAAgOc\/Qjq-cLji3w0cLzC57mIPqT6w94OlzCSvwCEwYBhgL\/s1600\/foto%2B3.JPG\" width=\"469\" height=\"351\" \/><\/p>\n","protected":false},"excerpt":{"rendered":"<p>Aquesta setmana hem tingut tres s\u00faper confer\u00e8ncies: la de la Valentina, la d\u2019en Den\u00eds i la de l\u2019Antonio. La primera ens va parlar de LES FADES explicant-nos que s\u00f3n \u00e9ssers fant\u00e0stics que tenen ales i que poden viure en llocs diferents com el foc, l\u2019aigua&hellip;  <a href=\"https:\/\/agora.xtec.cat\/zercepdesis\/esc-viro\/curs-2017-2018\/triple-conferencia\/\" title=\"Read TRIPLE CONFER\u00c8NCIA\">Llegeix m\u00e9s\u00bb<\/a><\/p>\n","protected":false},"author":1,"featured_media":767,"comment_status":"open","ping_status":"closed","sticky":false,"template":"","format":"standard","meta":{"_bbp_topic_count":0,"_bbp_reply_count":0,"_bbp_total_topic_count":0,"_bbp_total_reply_count":0,"_bbp_voice_count":0,"_bbp_anonymous_reply_count":0,"_bbp_topic_count_hidden":0,"_bbp_reply_count_hidden":0,"_bbp_forum_subforum_count":0,"footnotes":""},"categories":[125],"tags":[128],"class_list":["post-766","post","type-post","status-publish","format-standard","has-post-thumbnail","hentry","category-curs-2017-2018","tag-conferencies-2017-2018"],"post_mailing_queue_ids":[],"_links":{"self":[{"href":"https:\/\/agora.xtec.cat\/zercepdesis\/wp-json\/wp\/v2\/posts\/766","targetHints":{"allow":["GET"]}}],"collection":[{"href":"https:\/\/agora.xtec.cat\/zercepdesis\/wp-json\/wp\/v2\/posts"}],"about":[{"href":"https:\/\/agora.xtec.cat\/zercepdesis\/wp-json\/wp\/v2\/types\/post"}],"author":[{"embeddable":true,"href":"https:\/\/agora.xtec.cat\/zercepdesis\/wp-json\/wp\/v2\/users\/1"}],"replies":[{"embeddable":true,"href":"https:\/\/agora.xtec.cat\/zercepdesis\/wp-json\/wp\/v2\/comments?post=766"}],"version-history":[{"count":1,"href":"https:\/\/agora.xtec.cat\/zercepdesis\/wp-json\/wp\/v2\/posts\/766\/revisions"}],"predecessor-version":[{"id":768,"href":"https:\/\/agora.xtec.cat\/zercepdesis\/wp-json\/wp\/v2\/posts\/766\/revisions\/768"}],"wp:featuredmedia":[{"embeddable":true,"href":"https:\/\/agora.xtec.cat\/zercepdesis\/wp-json\/wp\/v2\/media\/767"}],"wp:attachment":[{"href":"https:\/\/agora.xtec.cat\/zercepdesis\/wp-json\/wp\/v2\/media?parent=766"}],"wp:term":[{"taxonomy":"category","embeddable":true,"href":"https:\/\/agora.xtec.cat\/zercepdesis\/wp-json\/wp\/v2\/categories?post=766"},{"taxonomy":"post_tag","embeddable":true,"href":"https:\/\/agora.xtec.cat\/zercepdesis\/wp-json\/wp\/v2\/tags?post=766"}],"curies":[{"name":"wp","href":"https:\/\/api.w.org\/{rel}","templated":true}]}}