{"id":3512,"date":"2026-01-20T14:03:07","date_gmt":"2026-01-20T13:03:07","guid":{"rendered":"https:\/\/agora.xtec.cat\/zercepdesis\/?p=3512"},"modified":"2026-01-20T14:03:07","modified_gmt":"2026-01-20T13:03:07","slug":"el-calvin-no-sap-volar","status":"publish","type":"post","link":"https:\/\/agora.xtec.cat\/zercepdesis\/zer\/el-calvin-no-sap-volar\/","title":{"rendered":"EL CALVIN NO SAP VOLAR"},"content":{"rendered":"<p>La setmana passada vam gaudir d\u2019un concert molt especial basat en el conte El Calvin no sap volar. A trav\u00e9s de la m\u00fasica, el moviment i la narraci\u00f3, vam donar vida a la hist\u00f2ria d\u2019aquest petit estornell diferent, curi\u00f3s i ple d\u2019imaginaci\u00f3.<\/p>\n<p>L\u2019alumnat va treballar les emocions, la cooperaci\u00f3 i el valor de ser un mateix, tot combinant la lectura del conte amb la creaci\u00f3 de can\u00e7ons i sons que van acompanyar cada moment de la hist\u00f2ria.<\/p>\n<p>Desitgem que gaud\u00edssiu del concert tant com els nens i nenes de la ZER van gaudir preparant-lo.<\/p>\n<p><a href=\"https:\/\/agora.xtec.cat\/zercepdesis\/wp-content\/uploads\/usu2412\/2026\/01\/WEB-ZER-25-26.jpg\"><img loading=\"lazy\" decoding=\"async\" class=\"alignnone size-large wp-image-3513\" src=\"https:\/\/agora.xtec.cat\/zercepdesis\/wp-content\/uploads\/usu2412\/2026\/01\/WEB-ZER-25-26-576x1024.jpg\" alt=\"\" width=\"576\" height=\"1024\" srcset=\"https:\/\/agora.xtec.cat\/zercepdesis\/wp-content\/uploads\/usu2412\/2026\/01\/WEB-ZER-25-26-576x1024.jpg 576w, https:\/\/agora.xtec.cat\/zercepdesis\/wp-content\/uploads\/usu2412\/2026\/01\/WEB-ZER-25-26-169x300.jpg 169w, https:\/\/agora.xtec.cat\/zercepdesis\/wp-content\/uploads\/usu2412\/2026\/01\/WEB-ZER-25-26-768x1365.jpg 768w, https:\/\/agora.xtec.cat\/zercepdesis\/wp-content\/uploads\/usu2412\/2026\/01\/WEB-ZER-25-26-864x1536.jpg 864w, https:\/\/agora.xtec.cat\/zercepdesis\/wp-content\/uploads\/usu2412\/2026\/01\/WEB-ZER-25-26.jpg 1080w\" sizes=\"auto, (max-width: 576px) 100vw, 576px\" \/><\/a><\/p>\n","protected":false},"excerpt":{"rendered":"<p>La setmana passada vam gaudir d\u2019un concert molt especial basat en el conte El Calvin no sap volar. A trav\u00e9s de la m\u00fasica, el moviment i la narraci\u00f3, vam donar vida a la hist\u00f2ria d\u2019aquest petit estornell diferent, curi\u00f3s i ple d\u2019imaginaci\u00f3.<br \/>\nL\u2019alumnat va treballar les&hellip;  <a href=\"https:\/\/agora.xtec.cat\/zercepdesis\/zer\/el-calvin-no-sap-volar\/\" title=\"Read EL CALVIN NO SAP VOLAR\">Llegeix m\u00e9s\u00bb<\/a><\/p>\n","protected":false},"author":1,"featured_media":0,"comment_status":"open","ping_status":"open","sticky":false,"template":"","format":"standard","meta":{"_bbp_topic_count":0,"_bbp_reply_count":0,"_bbp_total_topic_count":0,"_bbp_total_reply_count":0,"_bbp_voice_count":0,"_bbp_anonymous_reply_count":0,"_bbp_topic_count_hidden":0,"_bbp_reply_count_hidden":0,"_bbp_forum_subforum_count":0,"footnotes":""},"categories":[1],"tags":[133,272,271],"class_list":["post-3512","post","type-post","status-publish","format-standard","hentry","category-zer","tag-concert-de-nadal","tag-curs-2025-2026","tag-curs-2025-2026-zer"],"post_mailing_queue_ids":[],"_links":{"self":[{"href":"https:\/\/agora.xtec.cat\/zercepdesis\/wp-json\/wp\/v2\/posts\/3512","targetHints":{"allow":["GET"]}}],"collection":[{"href":"https:\/\/agora.xtec.cat\/zercepdesis\/wp-json\/wp\/v2\/posts"}],"about":[{"href":"https:\/\/agora.xtec.cat\/zercepdesis\/wp-json\/wp\/v2\/types\/post"}],"author":[{"embeddable":true,"href":"https:\/\/agora.xtec.cat\/zercepdesis\/wp-json\/wp\/v2\/users\/1"}],"replies":[{"embeddable":true,"href":"https:\/\/agora.xtec.cat\/zercepdesis\/wp-json\/wp\/v2\/comments?post=3512"}],"version-history":[{"count":1,"href":"https:\/\/agora.xtec.cat\/zercepdesis\/wp-json\/wp\/v2\/posts\/3512\/revisions"}],"predecessor-version":[{"id":3514,"href":"https:\/\/agora.xtec.cat\/zercepdesis\/wp-json\/wp\/v2\/posts\/3512\/revisions\/3514"}],"wp:attachment":[{"href":"https:\/\/agora.xtec.cat\/zercepdesis\/wp-json\/wp\/v2\/media?parent=3512"}],"wp:term":[{"taxonomy":"category","embeddable":true,"href":"https:\/\/agora.xtec.cat\/zercepdesis\/wp-json\/wp\/v2\/categories?post=3512"},{"taxonomy":"post_tag","embeddable":true,"href":"https:\/\/agora.xtec.cat\/zercepdesis\/wp-json\/wp\/v2\/tags?post=3512"}],"curies":[{"name":"wp","href":"https:\/\/api.w.org\/{rel}","templated":true}]}}