{"id":3496,"date":"2025-12-15T13:23:23","date_gmt":"2025-12-15T12:23:23","guid":{"rendered":"https:\/\/agora.xtec.cat\/zercepdesis\/?p=3496"},"modified":"2025-12-15T13:23:23","modified_gmt":"2025-12-15T12:23:23","slug":"la-festa-major-2","status":"publish","type":"post","link":"https:\/\/agora.xtec.cat\/zercepdesis\/esc-viro\/curs-2025-2026-pu\/la-festa-major-2\/","title":{"rendered":"LA FESTA MAJOR"},"content":{"rendered":"<p><span style=\"font-weight: 400;\">Aquest trimestre hem estat investigant la hist\u00f2ria del nostre poble i dels balls de la nostra Festa Major. A partir de les enquestes que hem dut a terme i del seu an\u00e0lisi, hem pogut descobrir que alguns dels balls m\u00e9s estimats de Puigd\u00e0lber s\u00f3n la Mosca i les Gitanes. Tamb\u00e9 hem tingut la sort de comptar amb la col\u00b7laboraci\u00f3 d\u2019alguns representants del Ball de Diables, del Ball de Gitanes i del Nans que, molt amablement han contestat a les preguntes que hem estat preparant a l\u2019aula. Ens han sorpr\u00e8s coses com que:<\/span><\/p>\n<ul>\n<li style=\"font-weight: 400;\" aria-level=\"1\"><span style=\"font-weight: 400;\">La forca m\u00e9s gran dels Diables pot carregar 300 carretilles.<\/span><\/li>\n<li style=\"font-weight: 400;\" aria-level=\"1\"><span style=\"font-weight: 400;\">Els Nans es van construir en un taller que es feia a l\u2019escola del Zig Zag.<\/span><\/li>\n<li style=\"font-weight: 400;\" aria-level=\"1\"><span style=\"font-weight: 400;\">Qu\u00e8 vol dir la paraula \u201cestaquirot\u201d que \u00e9s la persona que aguanta el pal de les gitanes.<\/span><\/li>\n<\/ul>\n<p><a href=\"https:\/\/agora.xtec.cat\/zercepdesis\/wp-content\/uploads\/usu2412\/2025\/12\/FESTA-MAJOR.jpg\"><img loading=\"lazy\" decoding=\"async\" class=\"alignnone size-large wp-image-3497\" src=\"https:\/\/agora.xtec.cat\/zercepdesis\/wp-content\/uploads\/usu2412\/2025\/12\/FESTA-MAJOR-576x1024.jpg\" alt=\"\" width=\"576\" height=\"1024\" srcset=\"https:\/\/agora.xtec.cat\/zercepdesis\/wp-content\/uploads\/usu2412\/2025\/12\/FESTA-MAJOR-576x1024.jpg 576w, https:\/\/agora.xtec.cat\/zercepdesis\/wp-content\/uploads\/usu2412\/2025\/12\/FESTA-MAJOR-169x300.jpg 169w, https:\/\/agora.xtec.cat\/zercepdesis\/wp-content\/uploads\/usu2412\/2025\/12\/FESTA-MAJOR-768x1365.jpg 768w, https:\/\/agora.xtec.cat\/zercepdesis\/wp-content\/uploads\/usu2412\/2025\/12\/FESTA-MAJOR-864x1536.jpg 864w, https:\/\/agora.xtec.cat\/zercepdesis\/wp-content\/uploads\/usu2412\/2025\/12\/FESTA-MAJOR.jpg 1080w\" sizes=\"auto, (max-width: 576px) 100vw, 576px\" \/><\/a><\/p>\n","protected":false},"excerpt":{"rendered":"<p>Aquest trimestre hem estat investigant la hist\u00f2ria del nostre poble i dels balls de la nostra Festa Major. A partir de les enquestes que hem dut a terme i del seu an\u00e0lisi, hem pogut descobrir que alguns dels balls m\u00e9s estimats de Puigd\u00e0lber s\u00f3n la&hellip;  <a href=\"https:\/\/agora.xtec.cat\/zercepdesis\/esc-viro\/curs-2025-2026-pu\/la-festa-major-2\/\" title=\"Read LA FESTA MAJOR\">Llegeix m\u00e9s\u00bb<\/a><\/p>\n","protected":false},"author":1,"featured_media":0,"comment_status":"open","ping_status":"open","sticky":false,"template":"","format":"standard","meta":{"_bbp_topic_count":0,"_bbp_reply_count":0,"_bbp_total_topic_count":0,"_bbp_total_reply_count":0,"_bbp_voice_count":0,"_bbp_anonymous_reply_count":0,"_bbp_topic_count_hidden":0,"_bbp_reply_count_hidden":0,"_bbp_forum_subforum_count":0,"footnotes":""},"categories":[268],"tags":[],"class_list":["post-3496","post","type-post","status-publish","format-standard","hentry","category-curs-2025-2026-pu"],"post_mailing_queue_ids":[],"_links":{"self":[{"href":"https:\/\/agora.xtec.cat\/zercepdesis\/wp-json\/wp\/v2\/posts\/3496","targetHints":{"allow":["GET"]}}],"collection":[{"href":"https:\/\/agora.xtec.cat\/zercepdesis\/wp-json\/wp\/v2\/posts"}],"about":[{"href":"https:\/\/agora.xtec.cat\/zercepdesis\/wp-json\/wp\/v2\/types\/post"}],"author":[{"embeddable":true,"href":"https:\/\/agora.xtec.cat\/zercepdesis\/wp-json\/wp\/v2\/users\/1"}],"replies":[{"embeddable":true,"href":"https:\/\/agora.xtec.cat\/zercepdesis\/wp-json\/wp\/v2\/comments?post=3496"}],"version-history":[{"count":1,"href":"https:\/\/agora.xtec.cat\/zercepdesis\/wp-json\/wp\/v2\/posts\/3496\/revisions"}],"predecessor-version":[{"id":3498,"href":"https:\/\/agora.xtec.cat\/zercepdesis\/wp-json\/wp\/v2\/posts\/3496\/revisions\/3498"}],"wp:attachment":[{"href":"https:\/\/agora.xtec.cat\/zercepdesis\/wp-json\/wp\/v2\/media?parent=3496"}],"wp:term":[{"taxonomy":"category","embeddable":true,"href":"https:\/\/agora.xtec.cat\/zercepdesis\/wp-json\/wp\/v2\/categories?post=3496"},{"taxonomy":"post_tag","embeddable":true,"href":"https:\/\/agora.xtec.cat\/zercepdesis\/wp-json\/wp\/v2\/tags?post=3496"}],"curies":[{"name":"wp","href":"https:\/\/api.w.org\/{rel}","templated":true}]}}