{"id":3492,"date":"2025-12-15T13:20:44","date_gmt":"2025-12-15T12:20:44","guid":{"rendered":"https:\/\/agora.xtec.cat\/zercepdesis\/?p=3492"},"modified":"2025-12-15T13:20:44","modified_gmt":"2025-12-15T12:20:44","slug":"la-mosca-de-puigdalber","status":"publish","type":"post","link":"https:\/\/agora.xtec.cat\/zercepdesis\/esc-viro\/curs-2025-2026-pu\/la-mosca-de-puigdalber\/","title":{"rendered":"LA MOSCA DE PUIGD\u00c0LBER"},"content":{"rendered":"<p><span style=\"font-weight: 400;\">Aquest mes de novembre hem tingut la sort de con\u00e8ixer m\u00e9s a fons alguns dels balls de la Festa Major de Puigd\u00e0lber! \ud83c\udf89<\/span><\/p>\n<p><span style=\"font-weight: 400;\">Ens van visitar el pare de la Ydara, l\u2019Alexey, i el pare del Nil, l\u2019Albert, dos membres de la comissi\u00f3 de la Plaga, responsables d\u2019organitzar i portar la famosa mosca durant la festa major.<\/span><\/p>\n<p><span style=\"font-weight: 400;\">La classe dels Minerals vam preparar una entrevista molt especial per descobrir com es va crear aquesta espectacular b\u00e8stia de foc \ud83d\udd25 i con\u00e8ixer tots els detalls que fan \u00fanica aquesta tradici\u00f3<\/span><\/p>\n<p><span style=\"font-weight: 400;\">Volem expressar el nostre m\u00e9s sincer agra\u00efment a l\u2019Alexey i a l\u2019Albert per haver vingut a compartir amb nosaltres la hist\u00f2ria i els secrets dels balls de la Festa Major de Puigd\u00e0lber. La vostra passi\u00f3 i dedicaci\u00f3 han fet que aquesta experi\u00e8ncia sigui inoblidable per a tota la classe dels Minerals. Moltes gr\u00e0cies i us volem regalar aquest detall de part de tot el grup!<\/span><\/p>\n<p><a href=\"https:\/\/agora.xtec.cat\/zercepdesis\/wp-content\/uploads\/usu2412\/2025\/12\/LA-MOSCA.jpg\"><img loading=\"lazy\" decoding=\"async\" class=\"alignnone size-large wp-image-3493\" src=\"https:\/\/agora.xtec.cat\/zercepdesis\/wp-content\/uploads\/usu2412\/2025\/12\/LA-MOSCA-576x1024.jpg\" alt=\"\" width=\"576\" height=\"1024\" srcset=\"https:\/\/agora.xtec.cat\/zercepdesis\/wp-content\/uploads\/usu2412\/2025\/12\/LA-MOSCA-576x1024.jpg 576w, https:\/\/agora.xtec.cat\/zercepdesis\/wp-content\/uploads\/usu2412\/2025\/12\/LA-MOSCA-169x300.jpg 169w, https:\/\/agora.xtec.cat\/zercepdesis\/wp-content\/uploads\/usu2412\/2025\/12\/LA-MOSCA-768x1365.jpg 768w, https:\/\/agora.xtec.cat\/zercepdesis\/wp-content\/uploads\/usu2412\/2025\/12\/LA-MOSCA-864x1536.jpg 864w, https:\/\/agora.xtec.cat\/zercepdesis\/wp-content\/uploads\/usu2412\/2025\/12\/LA-MOSCA.jpg 1080w\" sizes=\"auto, (max-width: 576px) 100vw, 576px\" \/><\/a><\/p>\n","protected":false},"excerpt":{"rendered":"<p>Aquest mes de novembre hem tingut la sort de con\u00e8ixer m\u00e9s a fons alguns dels balls de la Festa Major de Puigd\u00e0lber! \ud83c\udf89<br \/>\nEns van visitar el pare de la Ydara, l\u2019Alexey, i el pare del Nil, l\u2019Albert, dos membres de la comissi\u00f3 de la Plaga,&hellip;  <a href=\"https:\/\/agora.xtec.cat\/zercepdesis\/esc-viro\/curs-2025-2026-pu\/la-mosca-de-puigdalber\/\" title=\"Read LA MOSCA DE PUIGD\u00c0LBER\">Llegeix m\u00e9s\u00bb<\/a><\/p>\n","protected":false},"author":1,"featured_media":0,"comment_status":"open","ping_status":"open","sticky":false,"template":"","format":"standard","meta":{"_bbp_topic_count":0,"_bbp_reply_count":0,"_bbp_total_topic_count":0,"_bbp_total_reply_count":0,"_bbp_voice_count":0,"_bbp_anonymous_reply_count":0,"_bbp_topic_count_hidden":0,"_bbp_reply_count_hidden":0,"_bbp_forum_subforum_count":0,"footnotes":""},"categories":[268],"tags":[],"class_list":["post-3492","post","type-post","status-publish","format-standard","hentry","category-curs-2025-2026-pu"],"post_mailing_queue_ids":[],"_links":{"self":[{"href":"https:\/\/agora.xtec.cat\/zercepdesis\/wp-json\/wp\/v2\/posts\/3492","targetHints":{"allow":["GET"]}}],"collection":[{"href":"https:\/\/agora.xtec.cat\/zercepdesis\/wp-json\/wp\/v2\/posts"}],"about":[{"href":"https:\/\/agora.xtec.cat\/zercepdesis\/wp-json\/wp\/v2\/types\/post"}],"author":[{"embeddable":true,"href":"https:\/\/agora.xtec.cat\/zercepdesis\/wp-json\/wp\/v2\/users\/1"}],"replies":[{"embeddable":true,"href":"https:\/\/agora.xtec.cat\/zercepdesis\/wp-json\/wp\/v2\/comments?post=3492"}],"version-history":[{"count":2,"href":"https:\/\/agora.xtec.cat\/zercepdesis\/wp-json\/wp\/v2\/posts\/3492\/revisions"}],"predecessor-version":[{"id":3495,"href":"https:\/\/agora.xtec.cat\/zercepdesis\/wp-json\/wp\/v2\/posts\/3492\/revisions\/3495"}],"wp:attachment":[{"href":"https:\/\/agora.xtec.cat\/zercepdesis\/wp-json\/wp\/v2\/media?parent=3492"}],"wp:term":[{"taxonomy":"category","embeddable":true,"href":"https:\/\/agora.xtec.cat\/zercepdesis\/wp-json\/wp\/v2\/categories?post=3492"},{"taxonomy":"post_tag","embeddable":true,"href":"https:\/\/agora.xtec.cat\/zercepdesis\/wp-json\/wp\/v2\/tags?post=3492"}],"curies":[{"name":"wp","href":"https:\/\/api.w.org\/{rel}","templated":true}]}}