{"id":3484,"date":"2025-12-11T14:08:43","date_gmt":"2025-12-11T13:08:43","guid":{"rendered":"https:\/\/agora.xtec.cat\/zercepdesis\/?p=3484"},"modified":"2026-01-26T09:18:57","modified_gmt":"2026-01-26T08:18:57","slug":"un-viatge-amb-els-sentiments","status":"publish","type":"post","link":"https:\/\/agora.xtec.cat\/zercepdesis\/esc-viro\/curs-2025-2026-pu\/un-viatge-amb-els-sentiments\/","title":{"rendered":"UN VIATGE AMB ELS SENTIMENTS!"},"content":{"rendered":"<p><span style=\"font-weight: 400;\">A tutoria vam fer una activitat molt especial per viure i experimentar els sentiments. Vol\u00edem entendre millor com ens sentim i qu\u00e8 passa dins nostre quan estem alegres, tristos, enfadats, espantats o sorpresos. I ho vam fer amb m\u00fasica, jocs i una mica de m\u00e0gia!\u00a0<\/span><\/p>\n<p><span style=\"font-weight: 400;\">Quan els Camaleons vam sentir \u201cAlegria\u201d <\/span><i><span style=\"font-weight: 400;\">del Circ du Soleil<\/span><\/i><span style=\"font-weight: 400;\">, vam jugar amb mocadors de colors. Eren com petites alegries que volaven pel cel i ens feien somriure!<\/span><\/p>\n<p><span style=\"font-weight: 400;\">Despr\u00e9s va arribar la tristor. Amb la pe\u00e7a \u201cCan\u00e7\u00f3 trista\u201d <\/span><i><span style=\"font-weight: 400;\">de Mazoni<\/span><\/i><span style=\"font-weight: 400;\">, toc\u00e0vem gla\u00e7ons freds que ploraven aigua a poc a poc. Ens vam adonar que estar tristos tamb\u00e9 forma part de la vida i que ens ajuda a passar la tristesa estar envoltats de persones que ens estimen.<\/span><\/p>\n<p><span style=\"font-weight: 400;\">Quan vam sentir \u201cR\u00e0bia\u201d, <\/span><i><span style=\"font-weight: 400;\">de l\u2019escola bressol Nins de Badalona<\/span><\/i><span style=\"font-weight: 400;\">, vam experimentar l\u2019enuig, mentre premiem fort un globus ple d\u2019arr\u00f2s. Vam descobrir que la r\u00e0bia es pot treure d\u2019una manera que no fa mal a ning\u00fa i que despr\u00e9s podem sentir calma.<\/span><\/p>\n<p><span style=\"font-weight: 400;\">M\u00e9s tard, va arribar la por. Qui volia podia mirar a trav\u00e9s d\u2019una caixa plena de foradets i de mans amigues que ajudaven a superar-la, mentre sonava \u201cTanca els ulls\u201d <\/span><i><span style=\"font-weight: 400;\">de Txarango i Joan Daus\u00e0<\/span><\/i><span style=\"font-weight: 400;\">. Ens vam adonar que la por \u00e9s m\u00e9s petita quan ens sentim acompanyats.<\/span><\/p>\n<p><span style=\"font-weight: 400;\">Finalment, amb \u201cViva la vida\u201d <\/span><i><span style=\"font-weight: 400;\">de Coldplay<\/span><\/i><span style=\"font-weight: 400;\">, vam viure la sorpresa: vam fer esclatar globus plens de paperets de colors! Tot va ser una festa!<\/span><\/p>\n<p><span style=\"font-weight: 400;\">Aquesta activitat ens ha ajudat a posar nom a qu\u00e8 sentim i a compartir-ho amb els altres. Hem apr\u00e8s que totes les emocions s\u00f3n importants i que sentir \u00e9s viure!<\/span><\/p>\n<p><a href=\"https:\/\/agora.xtec.cat\/zercepdesis\/wp-content\/uploads\/usu2412\/2025\/12\/Model-WEB-25-26.jpg\"><img loading=\"lazy\" decoding=\"async\" class=\"alignnone size-large wp-image-3487\" src=\"https:\/\/agora.xtec.cat\/zercepdesis\/wp-content\/uploads\/usu2412\/2025\/12\/Model-WEB-25-26-576x1024.jpg\" alt=\"\" width=\"576\" height=\"1024\" srcset=\"https:\/\/agora.xtec.cat\/zercepdesis\/wp-content\/uploads\/usu2412\/2025\/12\/Model-WEB-25-26-576x1024.jpg 576w, https:\/\/agora.xtec.cat\/zercepdesis\/wp-content\/uploads\/usu2412\/2025\/12\/Model-WEB-25-26-169x300.jpg 169w, https:\/\/agora.xtec.cat\/zercepdesis\/wp-content\/uploads\/usu2412\/2025\/12\/Model-WEB-25-26-768x1365.jpg 768w, https:\/\/agora.xtec.cat\/zercepdesis\/wp-content\/uploads\/usu2412\/2025\/12\/Model-WEB-25-26-864x1536.jpg 864w, https:\/\/agora.xtec.cat\/zercepdesis\/wp-content\/uploads\/usu2412\/2025\/12\/Model-WEB-25-26.jpg 1080w\" sizes=\"auto, (max-width: 576px) 100vw, 576px\" \/><\/a><\/p>\n<p>&nbsp;<\/p>\n","protected":false},"excerpt":{"rendered":"<p>A tutoria vam fer una activitat molt especial per viure i experimentar els sentiments. Vol\u00edem entendre millor com ens sentim i qu\u00e8 passa dins nostre quan estem alegres, tristos, enfadats, espantats o sorpresos. I ho vam fer amb m\u00fasica, jocs i una mica de m\u00e0gia!\u00a0<br \/>\nQuan&hellip;  <a href=\"https:\/\/agora.xtec.cat\/zercepdesis\/esc-viro\/curs-2025-2026-pu\/un-viatge-amb-els-sentiments\/\" title=\"Read UN VIATGE AMB ELS SENTIMENTS!\">Llegeix m\u00e9s\u00bb<\/a><\/p>\n","protected":false},"author":1,"featured_media":0,"comment_status":"open","ping_status":"open","sticky":false,"template":"","format":"standard","meta":{"_bbp_topic_count":0,"_bbp_reply_count":0,"_bbp_total_topic_count":0,"_bbp_total_reply_count":0,"_bbp_voice_count":0,"_bbp_anonymous_reply_count":0,"_bbp_topic_count_hidden":0,"_bbp_reply_count_hidden":0,"_bbp_forum_subforum_count":0,"footnotes":""},"categories":[268],"tags":[],"class_list":["post-3484","post","type-post","status-publish","format-standard","hentry","category-curs-2025-2026-pu"],"post_mailing_queue_ids":[],"_links":{"self":[{"href":"https:\/\/agora.xtec.cat\/zercepdesis\/wp-json\/wp\/v2\/posts\/3484","targetHints":{"allow":["GET"]}}],"collection":[{"href":"https:\/\/agora.xtec.cat\/zercepdesis\/wp-json\/wp\/v2\/posts"}],"about":[{"href":"https:\/\/agora.xtec.cat\/zercepdesis\/wp-json\/wp\/v2\/types\/post"}],"author":[{"embeddable":true,"href":"https:\/\/agora.xtec.cat\/zercepdesis\/wp-json\/wp\/v2\/users\/1"}],"replies":[{"embeddable":true,"href":"https:\/\/agora.xtec.cat\/zercepdesis\/wp-json\/wp\/v2\/comments?post=3484"}],"version-history":[{"count":2,"href":"https:\/\/agora.xtec.cat\/zercepdesis\/wp-json\/wp\/v2\/posts\/3484\/revisions"}],"predecessor-version":[{"id":3488,"href":"https:\/\/agora.xtec.cat\/zercepdesis\/wp-json\/wp\/v2\/posts\/3484\/revisions\/3488"}],"wp:attachment":[{"href":"https:\/\/agora.xtec.cat\/zercepdesis\/wp-json\/wp\/v2\/media?parent=3484"}],"wp:term":[{"taxonomy":"category","embeddable":true,"href":"https:\/\/agora.xtec.cat\/zercepdesis\/wp-json\/wp\/v2\/categories?post=3484"},{"taxonomy":"post_tag","embeddable":true,"href":"https:\/\/agora.xtec.cat\/zercepdesis\/wp-json\/wp\/v2\/tags?post=3484"}],"curies":[{"name":"wp","href":"https:\/\/api.w.org\/{rel}","templated":true}]}}