{"id":3468,"date":"2025-11-06T14:08:07","date_gmt":"2025-11-06T13:08:07","guid":{"rendered":"https:\/\/agora.xtec.cat\/zercepdesis\/?p=3468"},"modified":"2025-11-20T13:58:00","modified_gmt":"2025-11-20T12:58:00","slug":"la-castanyada-6","status":"publish","type":"post","link":"https:\/\/agora.xtec.cat\/zercepdesis\/esc-mor\/curs-2025-2026-sf\/la-castanyada-6\/","title":{"rendered":"LA CASTANYADA!"},"content":{"rendered":"<p>La setmana passada a l&#8217;escola vam celebrar la Castanyada, un any m\u00e9s van venir les \u00e0vies del poble a explciar-nos un conte molt i molt divertit! Mireu que boniques an\u00e0ven!<\/p>\n<p>A la tarda les mares i pares de l&#8217;escola van portar la Castanyera i vam menjar castanyes totes i tots junts!<\/p>\n<p>Finalment, divendres vam fer una passejada de tardor tota l&#8217;escola i vam esmorzar als Botins!<\/p>\n<p><a href=\"https:\/\/agora.xtec.cat\/zercepdesis\/wp-content\/uploads\/usu2412\/2025\/11\/WEB-SF-25-26.jpg\"><img loading=\"lazy\" decoding=\"async\" class=\"alignnone size-large wp-image-3480\" src=\"https:\/\/agora.xtec.cat\/zercepdesis\/wp-content\/uploads\/usu2412\/2025\/11\/WEB-SF-25-26-576x1024.jpg\" alt=\"\" width=\"576\" height=\"1024\" srcset=\"https:\/\/agora.xtec.cat\/zercepdesis\/wp-content\/uploads\/usu2412\/2025\/11\/WEB-SF-25-26-576x1024.jpg 576w, https:\/\/agora.xtec.cat\/zercepdesis\/wp-content\/uploads\/usu2412\/2025\/11\/WEB-SF-25-26-169x300.jpg 169w, https:\/\/agora.xtec.cat\/zercepdesis\/wp-content\/uploads\/usu2412\/2025\/11\/WEB-SF-25-26-768x1365.jpg 768w, https:\/\/agora.xtec.cat\/zercepdesis\/wp-content\/uploads\/usu2412\/2025\/11\/WEB-SF-25-26-864x1536.jpg 864w, https:\/\/agora.xtec.cat\/zercepdesis\/wp-content\/uploads\/usu2412\/2025\/11\/WEB-SF-25-26.jpg 1080w\" sizes=\"auto, (max-width: 576px) 100vw, 576px\" \/><\/a><\/p>\n<p>&nbsp;<\/p>\n<p>&nbsp;<\/p>\n<p>&nbsp;<\/p>\n","protected":false},"excerpt":{"rendered":"<p>La setmana passada a l&#8217;escola vam celebrar la Castanyada, un any m\u00e9s van venir les \u00e0vies del poble a explciar-nos un conte molt i molt divertit! Mireu que boniques an\u00e0ven!<br \/>\nA la tarda les mares i pares de l&#8217;escola van portar la Castanyera i vam menjar&hellip;  <a href=\"https:\/\/agora.xtec.cat\/zercepdesis\/esc-mor\/curs-2025-2026-sf\/la-castanyada-6\/\" title=\"Read LA CASTANYADA!\">Llegeix m\u00e9s\u00bb<\/a><\/p>\n","protected":false},"author":1,"featured_media":0,"comment_status":"open","ping_status":"open","sticky":false,"template":"","format":"standard","meta":{"_bbp_topic_count":0,"_bbp_reply_count":0,"_bbp_total_topic_count":0,"_bbp_total_reply_count":0,"_bbp_voice_count":0,"_bbp_anonymous_reply_count":0,"_bbp_topic_count_hidden":0,"_bbp_reply_count_hidden":0,"_bbp_forum_subforum_count":0,"footnotes":""},"categories":[269],"tags":[196,270],"class_list":["post-3468","post","type-post","status-publish","format-standard","hentry","category-curs-2025-2026-sf","tag-escola-les-moreres","tag-festes-25-26-sf"],"post_mailing_queue_ids":[],"_links":{"self":[{"href":"https:\/\/agora.xtec.cat\/zercepdesis\/wp-json\/wp\/v2\/posts\/3468","targetHints":{"allow":["GET"]}}],"collection":[{"href":"https:\/\/agora.xtec.cat\/zercepdesis\/wp-json\/wp\/v2\/posts"}],"about":[{"href":"https:\/\/agora.xtec.cat\/zercepdesis\/wp-json\/wp\/v2\/types\/post"}],"author":[{"embeddable":true,"href":"https:\/\/agora.xtec.cat\/zercepdesis\/wp-json\/wp\/v2\/users\/1"}],"replies":[{"embeddable":true,"href":"https:\/\/agora.xtec.cat\/zercepdesis\/wp-json\/wp\/v2\/comments?post=3468"}],"version-history":[{"count":3,"href":"https:\/\/agora.xtec.cat\/zercepdesis\/wp-json\/wp\/v2\/posts\/3468\/revisions"}],"predecessor-version":[{"id":3481,"href":"https:\/\/agora.xtec.cat\/zercepdesis\/wp-json\/wp\/v2\/posts\/3468\/revisions\/3481"}],"wp:attachment":[{"href":"https:\/\/agora.xtec.cat\/zercepdesis\/wp-json\/wp\/v2\/media?parent=3468"}],"wp:term":[{"taxonomy":"category","embeddable":true,"href":"https:\/\/agora.xtec.cat\/zercepdesis\/wp-json\/wp\/v2\/categories?post=3468"},{"taxonomy":"post_tag","embeddable":true,"href":"https:\/\/agora.xtec.cat\/zercepdesis\/wp-json\/wp\/v2\/tags?post=3468"}],"curies":[{"name":"wp","href":"https:\/\/api.w.org\/{rel}","templated":true}]}}