{"id":3408,"date":"2025-04-01T10:07:33","date_gmt":"2025-04-01T08:07:33","guid":{"rendered":"https:\/\/agora.xtec.cat\/zercepdesis\/?p=3408"},"modified":"2025-04-01T10:08:39","modified_gmt":"2025-04-01T08:08:39","slug":"visitem-lhort-del-dani","status":"publish","type":"post","link":"https:\/\/agora.xtec.cat\/zercepdesis\/esc-mor\/visitem-lhort-del-dani\/","title":{"rendered":"Visitem l&#8217;hort del Dani!"},"content":{"rendered":"<p>El dijous passat vam anar a visitar l&#8217;hort del Dani. Hi vam anar a peu, ja que est\u00e0 molt a prop de l&#8217;escola. Quan vam arribar, ens havia preparat un taller per fer esqueixos de plantes, i ens ho va explicar tan b\u00e9 que vam poder fer-ne en petits testos i endur-nos-els a l&#8217;escola.<\/p>\n<p>Vam aprendre molt\u00edssimes coses, com ara qu\u00e8 \u00e9s el <em>mulching,<\/em> com es fan esqueixos, quant pot arribar a durar una carbassa collida o quina \u00e9s la millor manera de plantar un hort. Finalment, vam poder passejar pel voltant de l&#8217;hort i veure el que hi havia plantat.<\/p>\n<p>Va fer un dia fenomenal i ens va agradar molt poder parlar amb el Dani i que ens compart\u00eds tants coneixements.<\/p>\n<p><a href=\"https:\/\/agora.xtec.cat\/zercepdesis\/wp-content\/uploads\/usu2412\/2025\/04\/entrada-hort.jpg\"><img loading=\"lazy\" decoding=\"async\" class=\"alignnone size-large wp-image-3409\" src=\"https:\/\/agora.xtec.cat\/zercepdesis\/wp-content\/uploads\/usu2412\/2025\/04\/entrada-hort-576x1024.jpg\" alt=\"\" width=\"576\" height=\"1024\" srcset=\"https:\/\/agora.xtec.cat\/zercepdesis\/wp-content\/uploads\/usu2412\/2025\/04\/entrada-hort-576x1024.jpg 576w, https:\/\/agora.xtec.cat\/zercepdesis\/wp-content\/uploads\/usu2412\/2025\/04\/entrada-hort-169x300.jpg 169w, https:\/\/agora.xtec.cat\/zercepdesis\/wp-content\/uploads\/usu2412\/2025\/04\/entrada-hort-768x1365.jpg 768w, https:\/\/agora.xtec.cat\/zercepdesis\/wp-content\/uploads\/usu2412\/2025\/04\/entrada-hort-864x1536.jpg 864w, https:\/\/agora.xtec.cat\/zercepdesis\/wp-content\/uploads\/usu2412\/2025\/04\/entrada-hort.jpg 1080w\" sizes=\"auto, (max-width: 576px) 100vw, 576px\" \/><\/a><\/p>\n","protected":false},"excerpt":{"rendered":"<p>El dijous passat vam anar a visitar l&#8217;hort del Dani. Hi vam anar a peu, ja que est\u00e0 molt a prop de l&#8217;escola. Quan vam arribar, ens havia preparat un taller per fer esqueixos de plantes, i ens ho va explicar tan b\u00e9 que vam&hellip;  <a href=\"https:\/\/agora.xtec.cat\/zercepdesis\/esc-mor\/visitem-lhort-del-dani\/\" title=\"Read Visitem l&#8217;hort del Dani!\">Llegeix m\u00e9s\u00bb<\/a><\/p>\n","protected":false},"author":1,"featured_media":0,"comment_status":"open","ping_status":"closed","sticky":false,"template":"","format":"standard","meta":{"_bbp_topic_count":0,"_bbp_reply_count":0,"_bbp_total_topic_count":0,"_bbp_total_reply_count":0,"_bbp_voice_count":0,"_bbp_anonymous_reply_count":0,"_bbp_topic_count_hidden":0,"_bbp_reply_count_hidden":0,"_bbp_forum_subforum_count":0,"footnotes":""},"categories":[263,121],"tags":[],"class_list":["post-3408","post","type-post","status-publish","format-standard","hentry","category-curs-2024-2025-sf","category-esc-mor"],"post_mailing_queue_ids":[],"_links":{"self":[{"href":"https:\/\/agora.xtec.cat\/zercepdesis\/wp-json\/wp\/v2\/posts\/3408","targetHints":{"allow":["GET"]}}],"collection":[{"href":"https:\/\/agora.xtec.cat\/zercepdesis\/wp-json\/wp\/v2\/posts"}],"about":[{"href":"https:\/\/agora.xtec.cat\/zercepdesis\/wp-json\/wp\/v2\/types\/post"}],"author":[{"embeddable":true,"href":"https:\/\/agora.xtec.cat\/zercepdesis\/wp-json\/wp\/v2\/users\/1"}],"replies":[{"embeddable":true,"href":"https:\/\/agora.xtec.cat\/zercepdesis\/wp-json\/wp\/v2\/comments?post=3408"}],"version-history":[{"count":1,"href":"https:\/\/agora.xtec.cat\/zercepdesis\/wp-json\/wp\/v2\/posts\/3408\/revisions"}],"predecessor-version":[{"id":3410,"href":"https:\/\/agora.xtec.cat\/zercepdesis\/wp-json\/wp\/v2\/posts\/3408\/revisions\/3410"}],"wp:attachment":[{"href":"https:\/\/agora.xtec.cat\/zercepdesis\/wp-json\/wp\/v2\/media?parent=3408"}],"wp:term":[{"taxonomy":"category","embeddable":true,"href":"https:\/\/agora.xtec.cat\/zercepdesis\/wp-json\/wp\/v2\/categories?post=3408"},{"taxonomy":"post_tag","embeddable":true,"href":"https:\/\/agora.xtec.cat\/zercepdesis\/wp-json\/wp\/v2\/tags?post=3408"}],"curies":[{"name":"wp","href":"https:\/\/api.w.org\/{rel}","templated":true}]}}