{"id":3400,"date":"2025-03-10T14:02:42","date_gmt":"2025-03-10T13:02:42","guid":{"rendered":"https:\/\/agora.xtec.cat\/zercepdesis\/?p=3400"},"modified":"2025-03-24T17:49:26","modified_gmt":"2025-03-24T16:49:26","slug":"carnaval","status":"publish","type":"post","link":"https:\/\/agora.xtec.cat\/zercepdesis\/esc-mor\/carnaval\/","title":{"rendered":"CARNAVAL"},"content":{"rendered":"<p>L&#8217;\u00faltim dia de febrer i tancant la setmana cultural, vam celebrar el Carnaval! Ens vam disfressar dels continents del m\u00f3n, dels colors corresponents amb la metodologia Montessori. Ens va encantar i ens ho vam passar d&#8217;all\u00f2 m\u00e9s b\u00e9, ballant una coreografia tant petits com grans!<\/p>\n<p>&nbsp;<\/p>\n<p><a href=\"https:\/\/agora.xtec.cat\/zercepdesis\/wp-content\/uploads\/usu2412\/2025\/03\/11.jpg\"><img loading=\"lazy\" decoding=\"async\" class=\"alignnone size-large wp-image-3397\" src=\"https:\/\/agora.xtec.cat\/zercepdesis\/wp-content\/uploads\/usu2412\/2025\/03\/11-576x1024.jpg\" alt=\"\" width=\"576\" height=\"1024\" srcset=\"https:\/\/agora.xtec.cat\/zercepdesis\/wp-content\/uploads\/usu2412\/2025\/03\/11-576x1024.jpg 576w, https:\/\/agora.xtec.cat\/zercepdesis\/wp-content\/uploads\/usu2412\/2025\/03\/11-169x300.jpg 169w, https:\/\/agora.xtec.cat\/zercepdesis\/wp-content\/uploads\/usu2412\/2025\/03\/11-768x1365.jpg 768w, https:\/\/agora.xtec.cat\/zercepdesis\/wp-content\/uploads\/usu2412\/2025\/03\/11-864x1536.jpg 864w, https:\/\/agora.xtec.cat\/zercepdesis\/wp-content\/uploads\/usu2412\/2025\/03\/11.jpg 1080w\" sizes=\"auto, (max-width: 576px) 100vw, 576px\" \/><\/a><\/p>\n","protected":false},"excerpt":{"rendered":"<p>L&#8217;\u00faltim dia de febrer i tancant la setmana cultural, vam celebrar el Carnaval! Ens vam disfressar dels continents del m\u00f3n, dels colors corresponents amb la metodologia Montessori. Ens va encantar i ens ho vam passar d&#8217;all\u00f2 m\u00e9s b\u00e9, ballant una coreografia tant petits com grans!<br \/>\n&nbsp;<br \/>\n<a&hellip;  <a href=\"https:\/\/agora.xtec.cat\/zercepdesis\/esc-mor\/carnaval\/\" title=\"Read CARNAVAL\">Llegeix m\u00e9s\u00bb<\/a><\/p>\n","protected":false},"author":1,"featured_media":0,"comment_status":"open","ping_status":"closed","sticky":false,"template":"","format":"standard","meta":{"_bbp_topic_count":0,"_bbp_reply_count":0,"_bbp_total_topic_count":0,"_bbp_total_reply_count":0,"_bbp_voice_count":0,"_bbp_anonymous_reply_count":0,"_bbp_topic_count_hidden":0,"_bbp_reply_count_hidden":0,"_bbp_forum_subforum_count":0,"footnotes":""},"categories":[263,121],"tags":[],"class_list":["post-3400","post","type-post","status-publish","format-standard","hentry","category-curs-2024-2025-sf","category-esc-mor"],"post_mailing_queue_ids":[],"_links":{"self":[{"href":"https:\/\/agora.xtec.cat\/zercepdesis\/wp-json\/wp\/v2\/posts\/3400","targetHints":{"allow":["GET"]}}],"collection":[{"href":"https:\/\/agora.xtec.cat\/zercepdesis\/wp-json\/wp\/v2\/posts"}],"about":[{"href":"https:\/\/agora.xtec.cat\/zercepdesis\/wp-json\/wp\/v2\/types\/post"}],"author":[{"embeddable":true,"href":"https:\/\/agora.xtec.cat\/zercepdesis\/wp-json\/wp\/v2\/users\/1"}],"replies":[{"embeddable":true,"href":"https:\/\/agora.xtec.cat\/zercepdesis\/wp-json\/wp\/v2\/comments?post=3400"}],"version-history":[{"count":1,"href":"https:\/\/agora.xtec.cat\/zercepdesis\/wp-json\/wp\/v2\/posts\/3400\/revisions"}],"predecessor-version":[{"id":3401,"href":"https:\/\/agora.xtec.cat\/zercepdesis\/wp-json\/wp\/v2\/posts\/3400\/revisions\/3401"}],"wp:attachment":[{"href":"https:\/\/agora.xtec.cat\/zercepdesis\/wp-json\/wp\/v2\/media?parent=3400"}],"wp:term":[{"taxonomy":"category","embeddable":true,"href":"https:\/\/agora.xtec.cat\/zercepdesis\/wp-json\/wp\/v2\/categories?post=3400"},{"taxonomy":"post_tag","embeddable":true,"href":"https:\/\/agora.xtec.cat\/zercepdesis\/wp-json\/wp\/v2\/tags?post=3400"}],"curies":[{"name":"wp","href":"https:\/\/api.w.org\/{rel}","templated":true}]}}