{"id":3389,"date":"2025-03-10T13:33:20","date_gmt":"2025-03-10T12:33:20","guid":{"rendered":"https:\/\/agora.xtec.cat\/zercepdesis\/?p=3389"},"modified":"2025-03-10T13:34:30","modified_gmt":"2025-03-10T12:34:30","slug":"hora-verda-4","status":"publish","type":"post","link":"https:\/\/agora.xtec.cat\/zercepdesis\/esc-viro\/hora-verda-4\/","title":{"rendered":"Hora Verda"},"content":{"rendered":"<p style=\"text-align: justify;\"><span style=\"font-weight: 400;\">La classe\u00a0 de\u00a0 Les\u00a0 Marimbes\u00a0 hem arrencat\u00a0 les plantes del brocoli, ja que han arribat al final del seu cicle.\u00a0 Els brocolis els vam plantar el mes d\u2019octubre. Hem pogut observar tot el creixement de la planta fins a poder collir la seva flor. El brocoli un cop li hem collit la primera flors segueix treien altres flors que tamb\u00e9 hem aprofitat. Agra\u00efts per tot el que ens han ofert els brocolis, per\u00f2 \u00e9s el final del seu cicle i per aix\u00f2 ens acomiadem i arranquem del hort.<\/span><\/p>\n<p><a href=\"https:\/\/agora.xtec.cat\/zercepdesis\/wp-content\/uploads\/usu2412\/2025\/03\/Model-WEB-12.jpg\"><img loading=\"lazy\" decoding=\"async\" class=\"alignnone size-large wp-image-3390\" src=\"https:\/\/agora.xtec.cat\/zercepdesis\/wp-content\/uploads\/usu2412\/2025\/03\/Model-WEB-12-576x1024.jpg\" alt=\"\" width=\"576\" height=\"1024\" srcset=\"https:\/\/agora.xtec.cat\/zercepdesis\/wp-content\/uploads\/usu2412\/2025\/03\/Model-WEB-12-576x1024.jpg 576w, https:\/\/agora.xtec.cat\/zercepdesis\/wp-content\/uploads\/usu2412\/2025\/03\/Model-WEB-12-169x300.jpg 169w, https:\/\/agora.xtec.cat\/zercepdesis\/wp-content\/uploads\/usu2412\/2025\/03\/Model-WEB-12-768x1365.jpg 768w, https:\/\/agora.xtec.cat\/zercepdesis\/wp-content\/uploads\/usu2412\/2025\/03\/Model-WEB-12-864x1536.jpg 864w, https:\/\/agora.xtec.cat\/zercepdesis\/wp-content\/uploads\/usu2412\/2025\/03\/Model-WEB-12.jpg 1080w\" sizes=\"auto, (max-width: 576px) 100vw, 576px\" \/><\/a><\/p>\n","protected":false},"excerpt":{"rendered":"<p>La classe\u00a0 de\u00a0 Les\u00a0 Marimbes\u00a0 hem arrencat\u00a0 les plantes del brocoli, ja que han arribat al final del seu cicle.\u00a0 Els brocolis els vam plantar el mes d\u2019octubre. Hem pogut observar tot el creixement de la planta fins a poder collir la seva flor. El&hellip;  <a href=\"https:\/\/agora.xtec.cat\/zercepdesis\/esc-viro\/hora-verda-4\/\" title=\"Read Hora Verda\">Llegeix m\u00e9s\u00bb<\/a><\/p>\n","protected":false},"author":1,"featured_media":0,"comment_status":"open","ping_status":"closed","sticky":false,"template":"","format":"standard","meta":{"_bbp_topic_count":0,"_bbp_reply_count":0,"_bbp_total_topic_count":0,"_bbp_total_reply_count":0,"_bbp_voice_count":0,"_bbp_anonymous_reply_count":0,"_bbp_topic_count_hidden":0,"_bbp_reply_count_hidden":0,"_bbp_forum_subforum_count":0,"footnotes":""},"categories":[258,136,261],"tags":[],"class_list":["post-3389","post","type-post","status-publish","format-standard","hentry","category-curs-2024-2025-pu","category-esc-viro","category-pu-classe-de-les-marimbes"],"post_mailing_queue_ids":[],"_links":{"self":[{"href":"https:\/\/agora.xtec.cat\/zercepdesis\/wp-json\/wp\/v2\/posts\/3389","targetHints":{"allow":["GET"]}}],"collection":[{"href":"https:\/\/agora.xtec.cat\/zercepdesis\/wp-json\/wp\/v2\/posts"}],"about":[{"href":"https:\/\/agora.xtec.cat\/zercepdesis\/wp-json\/wp\/v2\/types\/post"}],"author":[{"embeddable":true,"href":"https:\/\/agora.xtec.cat\/zercepdesis\/wp-json\/wp\/v2\/users\/1"}],"replies":[{"embeddable":true,"href":"https:\/\/agora.xtec.cat\/zercepdesis\/wp-json\/wp\/v2\/comments?post=3389"}],"version-history":[{"count":2,"href":"https:\/\/agora.xtec.cat\/zercepdesis\/wp-json\/wp\/v2\/posts\/3389\/revisions"}],"predecessor-version":[{"id":3392,"href":"https:\/\/agora.xtec.cat\/zercepdesis\/wp-json\/wp\/v2\/posts\/3389\/revisions\/3392"}],"wp:attachment":[{"href":"https:\/\/agora.xtec.cat\/zercepdesis\/wp-json\/wp\/v2\/media?parent=3389"}],"wp:term":[{"taxonomy":"category","embeddable":true,"href":"https:\/\/agora.xtec.cat\/zercepdesis\/wp-json\/wp\/v2\/categories?post=3389"},{"taxonomy":"post_tag","embeddable":true,"href":"https:\/\/agora.xtec.cat\/zercepdesis\/wp-json\/wp\/v2\/tags?post=3389"}],"curies":[{"name":"wp","href":"https:\/\/api.w.org\/{rel}","templated":true}]}}