{"id":3386,"date":"2025-03-05T13:44:25","date_gmt":"2025-03-05T12:44:25","guid":{"rendered":"https:\/\/agora.xtec.cat\/zercepdesis\/?p=3386"},"modified":"2025-03-10T13:34:52","modified_gmt":"2025-03-10T12:34:52","slug":"la-setmana-cultural-2","status":"publish","type":"post","link":"https:\/\/agora.xtec.cat\/zercepdesis\/esc-viro\/la-setmana-cultural-2\/","title":{"rendered":"LA SETMANA CULTURAL"},"content":{"rendered":"<p style=\"text-align: justify;\">Aquesta darrera setmana vam celebrar &#8220;La Setmana Cultural&#8221; a la ZER. Vam poder gaudir d&#8217;una jornada basada en la m\u00fasica, una altra que recollia la gastronomia d&#8217;alguns pa\u00efsos, els jocs, els contes i les llegendes d&#8217;arreu del m\u00f3n.<\/p>\n<p style=\"text-align: justify;\">A m\u00e9s a m\u00e9s a l&#8217;escola Virolai vam tenir la sort de poder compartir aquests dies amb la cort de la Reina Carnestoltes i la seva visita divendres de Carnaval. Amb el seu discurs vam ballar, xalar i riure.<\/p>\n<p style=\"text-align: justify;\"><a href=\"https:\/\/agora.xtec.cat\/zercepdesis\/wp-content\/uploads\/usu2412\/2025\/03\/Model-WEB-11.jpg\"><img loading=\"lazy\" decoding=\"async\" class=\"alignnone size-large wp-image-3387\" src=\"https:\/\/agora.xtec.cat\/zercepdesis\/wp-content\/uploads\/usu2412\/2025\/03\/Model-WEB-11-576x1024.jpg\" alt=\"\" width=\"576\" height=\"1024\" srcset=\"https:\/\/agora.xtec.cat\/zercepdesis\/wp-content\/uploads\/usu2412\/2025\/03\/Model-WEB-11-576x1024.jpg 576w, https:\/\/agora.xtec.cat\/zercepdesis\/wp-content\/uploads\/usu2412\/2025\/03\/Model-WEB-11-169x300.jpg 169w, https:\/\/agora.xtec.cat\/zercepdesis\/wp-content\/uploads\/usu2412\/2025\/03\/Model-WEB-11-768x1365.jpg 768w, https:\/\/agora.xtec.cat\/zercepdesis\/wp-content\/uploads\/usu2412\/2025\/03\/Model-WEB-11-864x1536.jpg 864w, https:\/\/agora.xtec.cat\/zercepdesis\/wp-content\/uploads\/usu2412\/2025\/03\/Model-WEB-11.jpg 1080w\" sizes=\"auto, (max-width: 576px) 100vw, 576px\" \/><\/a><\/p>\n<p>&nbsp;<\/p>\n","protected":false},"excerpt":{"rendered":"<p>Aquesta darrera setmana vam celebrar &#8220;La Setmana Cultural&#8221; a la ZER. Vam poder gaudir d&#8217;una jornada basada en la m\u00fasica, una altra que recollia la gastronomia d&#8217;alguns pa\u00efsos, els jocs, els contes i les llegendes d&#8217;arreu del m\u00f3n.<br \/>\nA m\u00e9s a m\u00e9s a l&#8217;escola Virolai vam&hellip;  <a href=\"https:\/\/agora.xtec.cat\/zercepdesis\/esc-viro\/la-setmana-cultural-2\/\" title=\"Read LA SETMANA CULTURAL\">Llegeix m\u00e9s\u00bb<\/a><\/p>\n","protected":false},"author":1,"featured_media":0,"comment_status":"open","ping_status":"closed","sticky":false,"template":"","format":"standard","meta":{"_bbp_topic_count":0,"_bbp_reply_count":0,"_bbp_total_topic_count":0,"_bbp_total_reply_count":0,"_bbp_voice_count":0,"_bbp_anonymous_reply_count":0,"_bbp_topic_count_hidden":0,"_bbp_reply_count_hidden":0,"_bbp_forum_subforum_count":0,"footnotes":""},"categories":[258,136,262,261,260,259],"tags":[],"class_list":["post-3386","post","type-post","status-publish","format-standard","hentry","category-curs-2024-2025-pu","category-esc-viro","category-pu-classe-de-les-baldufes","category-pu-classe-de-les-marimbes","category-classe-del-drac-xines","category-pu-classe-del-sushi"],"post_mailing_queue_ids":[],"_links":{"self":[{"href":"https:\/\/agora.xtec.cat\/zercepdesis\/wp-json\/wp\/v2\/posts\/3386","targetHints":{"allow":["GET"]}}],"collection":[{"href":"https:\/\/agora.xtec.cat\/zercepdesis\/wp-json\/wp\/v2\/posts"}],"about":[{"href":"https:\/\/agora.xtec.cat\/zercepdesis\/wp-json\/wp\/v2\/types\/post"}],"author":[{"embeddable":true,"href":"https:\/\/agora.xtec.cat\/zercepdesis\/wp-json\/wp\/v2\/users\/1"}],"replies":[{"embeddable":true,"href":"https:\/\/agora.xtec.cat\/zercepdesis\/wp-json\/wp\/v2\/comments?post=3386"}],"version-history":[{"count":2,"href":"https:\/\/agora.xtec.cat\/zercepdesis\/wp-json\/wp\/v2\/posts\/3386\/revisions"}],"predecessor-version":[{"id":3393,"href":"https:\/\/agora.xtec.cat\/zercepdesis\/wp-json\/wp\/v2\/posts\/3386\/revisions\/3393"}],"wp:attachment":[{"href":"https:\/\/agora.xtec.cat\/zercepdesis\/wp-json\/wp\/v2\/media?parent=3386"}],"wp:term":[{"taxonomy":"category","embeddable":true,"href":"https:\/\/agora.xtec.cat\/zercepdesis\/wp-json\/wp\/v2\/categories?post=3386"},{"taxonomy":"post_tag","embeddable":true,"href":"https:\/\/agora.xtec.cat\/zercepdesis\/wp-json\/wp\/v2\/tags?post=3386"}],"curies":[{"name":"wp","href":"https:\/\/api.w.org\/{rel}","templated":true}]}}