{"id":3381,"date":"2025-02-17T13:41:24","date_gmt":"2025-02-17T12:41:24","guid":{"rendered":"https:\/\/agora.xtec.cat\/zercepdesis\/?p=3381"},"modified":"2025-02-17T13:41:24","modified_gmt":"2025-02-17T12:41:24","slug":"llibre-socialitzat","status":"publish","type":"post","link":"https:\/\/agora.xtec.cat\/zercepdesis\/esc-viro\/llibre-socialitzat\/","title":{"rendered":"Llibre socialitzat"},"content":{"rendered":"<p><span style=\"font-weight: 400;\">Al llarg d\u2019aquest 2n trimestre, la Classe Sushi gaudiran i descobriran la literatura a trav\u00e9s d\u2019un llibre socialitzat.\u00a0<\/span><\/p>\n<p><span style=\"font-weight: 400;\">La socialitzaci\u00f3 de llibres promou la consci\u00e8ncia sobre la import\u00e0ncia de compartir i reutilitzar recursos. En un m\u00f3n on el consumisme i la cultura de l&#8217;<\/span><i><span style=\"font-weight: 400;\">&#8220;usar i tirar&#8221;<\/span><\/i><span style=\"font-weight: 400;\"> estan molt presents, els llibres socialitzats representen una alternativa sostenible i responsable. L\u2019alumnat aprenen que els recursos no s\u00f3n infinits i que \u00e9s important donar una segona vida als objectes, reduint aix\u00ed l&#8217;impacte ambiental i fomentant una economia circular.<\/span><\/p>\n<p><span style=\"font-weight: 400;\">Enguany els llibres escollits formen part del programa, El Gust per la Lectura, aquest t\u00e9 per objectiu la formaci\u00f3 de bons lectors i lectores. Es tracta que, al llarg de la seva formaci\u00f3 educativa, els nostres alumnes esdevinguin lectors competents, cr\u00edtics i capa\u00e7os de gaudir del plaer de la lectura.\u00a0\u00a0<\/span><\/p>\n<p><span style=\"font-weight: 400;\">Els llibres escollits s\u00f3n:<\/span><\/p>\n<ul>\n<li style=\"font-weight: 400;\" aria-level=\"1\"><span style=\"font-weight: 400;\">Embolic a la biblioselva. Verd\u00fa, Irene.<\/span><\/li>\n<li style=\"font-weight: 400;\" aria-level=\"1\"><span style=\"font-weight: 400;\">El segrest de la bibliotec\u00e0ria. Margaret Mahy.<\/span><\/li>\n<\/ul>\n<p><span style=\"font-weight: 400;\">Gaudirem d\u2019una lectura compartida, fet que ens permet enriquir la comprensi\u00f3 lectora, fomentar debat i la reflexi\u00f3 i crear un espai de di\u00e0leg i aprenentatge col\u00b7lectiu.\u00a0<\/span><\/p>\n<p><a href=\"https:\/\/agora.xtec.cat\/zercepdesis\/wp-content\/uploads\/usu2412\/2025\/02\/Copia-de-Model-WEB.jpg\"><img loading=\"lazy\" decoding=\"async\" class=\"alignnone size-large wp-image-3382\" src=\"https:\/\/agora.xtec.cat\/zercepdesis\/wp-content\/uploads\/usu2412\/2025\/02\/Copia-de-Model-WEB-576x1024.jpg\" alt=\"\" width=\"576\" height=\"1024\" srcset=\"https:\/\/agora.xtec.cat\/zercepdesis\/wp-content\/uploads\/usu2412\/2025\/02\/Copia-de-Model-WEB-576x1024.jpg 576w, https:\/\/agora.xtec.cat\/zercepdesis\/wp-content\/uploads\/usu2412\/2025\/02\/Copia-de-Model-WEB-169x300.jpg 169w, https:\/\/agora.xtec.cat\/zercepdesis\/wp-content\/uploads\/usu2412\/2025\/02\/Copia-de-Model-WEB-768x1365.jpg 768w, https:\/\/agora.xtec.cat\/zercepdesis\/wp-content\/uploads\/usu2412\/2025\/02\/Copia-de-Model-WEB-864x1536.jpg 864w, https:\/\/agora.xtec.cat\/zercepdesis\/wp-content\/uploads\/usu2412\/2025\/02\/Copia-de-Model-WEB.jpg 1080w\" sizes=\"auto, (max-width: 576px) 100vw, 576px\" \/><\/a><\/p>\n<p>&nbsp;<\/p>\n","protected":false},"excerpt":{"rendered":"<p>Al llarg d\u2019aquest 2n trimestre, la Classe Sushi gaudiran i descobriran la literatura a trav\u00e9s d\u2019un llibre socialitzat.\u00a0<br \/>\nLa socialitzaci\u00f3 de llibres promou la consci\u00e8ncia sobre la import\u00e0ncia de compartir i reutilitzar recursos. En un m\u00f3n on el consumisme i la cultura de l&#8217;&#8220;usar i tirar&#8221;&hellip;  <a href=\"https:\/\/agora.xtec.cat\/zercepdesis\/esc-viro\/llibre-socialitzat\/\" title=\"Read Llibre socialitzat\">Llegeix m\u00e9s\u00bb<\/a><\/p>\n","protected":false},"author":1,"featured_media":0,"comment_status":"open","ping_status":"closed","sticky":false,"template":"","format":"standard","meta":{"_bbp_topic_count":0,"_bbp_reply_count":0,"_bbp_total_topic_count":0,"_bbp_total_reply_count":0,"_bbp_voice_count":0,"_bbp_anonymous_reply_count":0,"_bbp_topic_count_hidden":0,"_bbp_reply_count_hidden":0,"_bbp_forum_subforum_count":0,"footnotes":""},"categories":[258,136,259],"tags":[],"class_list":["post-3381","post","type-post","status-publish","format-standard","hentry","category-curs-2024-2025-pu","category-esc-viro","category-pu-classe-del-sushi"],"post_mailing_queue_ids":[],"_links":{"self":[{"href":"https:\/\/agora.xtec.cat\/zercepdesis\/wp-json\/wp\/v2\/posts\/3381","targetHints":{"allow":["GET"]}}],"collection":[{"href":"https:\/\/agora.xtec.cat\/zercepdesis\/wp-json\/wp\/v2\/posts"}],"about":[{"href":"https:\/\/agora.xtec.cat\/zercepdesis\/wp-json\/wp\/v2\/types\/post"}],"author":[{"embeddable":true,"href":"https:\/\/agora.xtec.cat\/zercepdesis\/wp-json\/wp\/v2\/users\/1"}],"replies":[{"embeddable":true,"href":"https:\/\/agora.xtec.cat\/zercepdesis\/wp-json\/wp\/v2\/comments?post=3381"}],"version-history":[{"count":1,"href":"https:\/\/agora.xtec.cat\/zercepdesis\/wp-json\/wp\/v2\/posts\/3381\/revisions"}],"predecessor-version":[{"id":3383,"href":"https:\/\/agora.xtec.cat\/zercepdesis\/wp-json\/wp\/v2\/posts\/3381\/revisions\/3383"}],"wp:attachment":[{"href":"https:\/\/agora.xtec.cat\/zercepdesis\/wp-json\/wp\/v2\/media?parent=3381"}],"wp:term":[{"taxonomy":"category","embeddable":true,"href":"https:\/\/agora.xtec.cat\/zercepdesis\/wp-json\/wp\/v2\/categories?post=3381"},{"taxonomy":"post_tag","embeddable":true,"href":"https:\/\/agora.xtec.cat\/zercepdesis\/wp-json\/wp\/v2\/tags?post=3381"}],"curies":[{"name":"wp","href":"https:\/\/api.w.org\/{rel}","templated":true}]}}