{"id":3372,"date":"2025-02-03T13:56:33","date_gmt":"2025-02-03T12:56:33","guid":{"rendered":"https:\/\/agora.xtec.cat\/zercepdesis\/?p=3372"},"modified":"2025-02-03T13:57:30","modified_gmt":"2025-02-03T12:57:30","slug":"dia-de-la-pau","status":"publish","type":"post","link":"https:\/\/agora.xtec.cat\/zercepdesis\/zer\/dia-de-la-pau\/","title":{"rendered":"Dia de la Pau"},"content":{"rendered":"<p>La setmana passada vam celebrar el Dia de la Pau a les dues escoles!<\/p>\n<p>Vam estar fent tallers i manualitats relacionades amb la Pau i vam poder reflexionar molt sobre aquest valor. Ens ho vam passar molt b\u00e9 constru\u00efnt i destru\u00efnt el mur de conflictes buscant solucions per a cada un d&#8217;ells; muntant el tren de la pau, escrivint desitjos, fent origamis&#8230; Va ser un dia molt bonic i col\u00b7laboratiu!<\/p>\n<p><a href=\"https:\/\/agora.xtec.cat\/zercepdesis\/wp-content\/uploads\/usu2412\/2025\/02\/Entrada-dia-de-la-Pau.jpg\"><img loading=\"lazy\" decoding=\"async\" class=\"alignnone size-large wp-image-3373\" src=\"https:\/\/agora.xtec.cat\/zercepdesis\/wp-content\/uploads\/usu2412\/2025\/02\/Entrada-dia-de-la-Pau-576x1024.jpg\" alt=\"\" width=\"576\" height=\"1024\" srcset=\"https:\/\/agora.xtec.cat\/zercepdesis\/wp-content\/uploads\/usu2412\/2025\/02\/Entrada-dia-de-la-Pau-576x1024.jpg 576w, https:\/\/agora.xtec.cat\/zercepdesis\/wp-content\/uploads\/usu2412\/2025\/02\/Entrada-dia-de-la-Pau-169x300.jpg 169w, https:\/\/agora.xtec.cat\/zercepdesis\/wp-content\/uploads\/usu2412\/2025\/02\/Entrada-dia-de-la-Pau-768x1365.jpg 768w, https:\/\/agora.xtec.cat\/zercepdesis\/wp-content\/uploads\/usu2412\/2025\/02\/Entrada-dia-de-la-Pau-864x1536.jpg 864w, https:\/\/agora.xtec.cat\/zercepdesis\/wp-content\/uploads\/usu2412\/2025\/02\/Entrada-dia-de-la-Pau.jpg 1080w\" sizes=\"auto, (max-width: 576px) 100vw, 576px\" \/><\/a><\/p>\n","protected":false},"excerpt":{"rendered":"<p>La setmana passada vam celebrar el Dia de la Pau a les dues escoles!<br \/>\nVam estar fent tallers i manualitats relacionades amb la Pau i vam poder reflexionar molt sobre aquest valor. Ens ho vam passar molt b\u00e9 constru\u00efnt i destru\u00efnt el mur de conflictes buscant&hellip;  <a href=\"https:\/\/agora.xtec.cat\/zercepdesis\/zer\/dia-de-la-pau\/\" title=\"Read Dia de la Pau\">Llegeix m\u00e9s\u00bb<\/a><\/p>\n","protected":false},"author":1,"featured_media":0,"comment_status":"open","ping_status":"closed","sticky":false,"template":"","format":"standard","meta":{"_bbp_topic_count":0,"_bbp_reply_count":0,"_bbp_total_topic_count":0,"_bbp_total_reply_count":0,"_bbp_voice_count":0,"_bbp_anonymous_reply_count":0,"_bbp_topic_count_hidden":0,"_bbp_reply_count_hidden":0,"_bbp_forum_subforum_count":0,"footnotes":""},"categories":[1,258,263,264,121,136,262,261,260,259],"tags":[],"class_list":["post-3372","post","type-post","status-publish","format-standard","hentry","category-zer","category-curs-2024-2025-pu","category-curs-2024-2025-sf","category-curs-2024-2025","category-esc-mor","category-esc-viro","category-pu-classe-de-les-baldufes","category-pu-classe-de-les-marimbes","category-classe-del-drac-xines","category-pu-classe-del-sushi"],"post_mailing_queue_ids":[],"_links":{"self":[{"href":"https:\/\/agora.xtec.cat\/zercepdesis\/wp-json\/wp\/v2\/posts\/3372","targetHints":{"allow":["GET"]}}],"collection":[{"href":"https:\/\/agora.xtec.cat\/zercepdesis\/wp-json\/wp\/v2\/posts"}],"about":[{"href":"https:\/\/agora.xtec.cat\/zercepdesis\/wp-json\/wp\/v2\/types\/post"}],"author":[{"embeddable":true,"href":"https:\/\/agora.xtec.cat\/zercepdesis\/wp-json\/wp\/v2\/users\/1"}],"replies":[{"embeddable":true,"href":"https:\/\/agora.xtec.cat\/zercepdesis\/wp-json\/wp\/v2\/comments?post=3372"}],"version-history":[{"count":1,"href":"https:\/\/agora.xtec.cat\/zercepdesis\/wp-json\/wp\/v2\/posts\/3372\/revisions"}],"predecessor-version":[{"id":3374,"href":"https:\/\/agora.xtec.cat\/zercepdesis\/wp-json\/wp\/v2\/posts\/3372\/revisions\/3374"}],"wp:attachment":[{"href":"https:\/\/agora.xtec.cat\/zercepdesis\/wp-json\/wp\/v2\/media?parent=3372"}],"wp:term":[{"taxonomy":"category","embeddable":true,"href":"https:\/\/agora.xtec.cat\/zercepdesis\/wp-json\/wp\/v2\/categories?post=3372"},{"taxonomy":"post_tag","embeddable":true,"href":"https:\/\/agora.xtec.cat\/zercepdesis\/wp-json\/wp\/v2\/tags?post=3372"}],"curies":[{"name":"wp","href":"https:\/\/api.w.org\/{rel}","templated":true}]}}