{"id":3360,"date":"2025-01-24T10:15:24","date_gmt":"2025-01-24T09:15:24","guid":{"rendered":"https:\/\/agora.xtec.cat\/zercepdesis\/?p=3360"},"modified":"2025-01-24T10:15:24","modified_gmt":"2025-01-24T09:15:24","slug":"concert-dhivern-el-peix-irisat","status":"publish","type":"post","link":"https:\/\/agora.xtec.cat\/zercepdesis\/zer\/concert-dhivern-el-peix-irisat\/","title":{"rendered":"Concert d&#8217;hivern &#8220;EL PEIX IRISAT&#8221;"},"content":{"rendered":"<p style=\"text-align: justify;\">El passat 15 de gener, vam celebrar el concert d&#8217;hivern a l&#8217;Auditori de Vilafranca. Enguany, l&#8217;espectacle girava entorn a la hist\u00f2ria del Peix Irisat de l&#8217;escriptor Marcus Pfister.<\/p>\n<p style=\"text-align: justify;\">A partir d&#8217;aquesta cantata hem pogut crear un mar de nous valors i aprenentatges compartits. Amb les seves can\u00e7ons i melodies hem gaudit de la m\u00fasica. Amb l&#8217;expressi\u00f3 corporal hem apr\u00e8s a transmetre idees i emocions. Amb els decorats i vestuaris hem deixat volar la nostra imaginaci\u00f3 i hem creat aut\u00e8ntiques meravelles. Finalment, amb la hist\u00f2ria i la cooperaci\u00f3 de tots els implicats hem treballat valors essencials per viure.<\/p>\n<p style=\"text-align: justify;\">Gr\u00e0cies per formar-ne part.<\/p>\n<p><a href=\"https:\/\/agora.xtec.cat\/zercepdesis\/wp-content\/uploads\/usu2412\/2025\/01\/Documento-A4-Horizontal-Hoja-de-Papel-Aesthetic-Crema.jpg\"><img loading=\"lazy\" decoding=\"async\" class=\"alignnone size-large wp-image-3361\" src=\"https:\/\/agora.xtec.cat\/zercepdesis\/wp-content\/uploads\/usu2412\/2025\/01\/Documento-A4-Horizontal-Hoja-de-Papel-Aesthetic-Crema-1024x724.jpg\" alt=\"\" width=\"1024\" height=\"724\" srcset=\"https:\/\/agora.xtec.cat\/zercepdesis\/wp-content\/uploads\/usu2412\/2025\/01\/Documento-A4-Horizontal-Hoja-de-Papel-Aesthetic-Crema-1024x724.jpg 1024w, https:\/\/agora.xtec.cat\/zercepdesis\/wp-content\/uploads\/usu2412\/2025\/01\/Documento-A4-Horizontal-Hoja-de-Papel-Aesthetic-Crema-300x212.jpg 300w, https:\/\/agora.xtec.cat\/zercepdesis\/wp-content\/uploads\/usu2412\/2025\/01\/Documento-A4-Horizontal-Hoja-de-Papel-Aesthetic-Crema-768x543.jpg 768w, https:\/\/agora.xtec.cat\/zercepdesis\/wp-content\/uploads\/usu2412\/2025\/01\/Documento-A4-Horizontal-Hoja-de-Papel-Aesthetic-Crema-1536x1086.jpg 1536w, https:\/\/agora.xtec.cat\/zercepdesis\/wp-content\/uploads\/usu2412\/2025\/01\/Documento-A4-Horizontal-Hoja-de-Papel-Aesthetic-Crema.jpg 2000w\" sizes=\"auto, (max-width: 1024px) 100vw, 1024px\" \/><\/a><\/p>\n","protected":false},"excerpt":{"rendered":"<p>El passat 15 de gener, vam celebrar el concert d&#8217;hivern a l&#8217;Auditori de Vilafranca. Enguany, l&#8217;espectacle girava entorn a la hist\u00f2ria del Peix Irisat de l&#8217;escriptor Marcus Pfister.<br \/>\nA partir d&#8217;aquesta cantata hem pogut crear un mar de nous valors i aprenentatges compartits. Amb les seves&hellip;  <a href=\"https:\/\/agora.xtec.cat\/zercepdesis\/zer\/concert-dhivern-el-peix-irisat\/\" title=\"Read Concert d&#8217;hivern &#8220;EL PEIX IRISAT&#8221;\">Llegeix m\u00e9s\u00bb<\/a><\/p>\n","protected":false},"author":1,"featured_media":0,"comment_status":"open","ping_status":"closed","sticky":false,"template":"","format":"standard","meta":{"_bbp_topic_count":0,"_bbp_reply_count":0,"_bbp_total_topic_count":0,"_bbp_total_reply_count":0,"_bbp_voice_count":0,"_bbp_anonymous_reply_count":0,"_bbp_topic_count_hidden":0,"_bbp_reply_count_hidden":0,"_bbp_forum_subforum_count":0,"footnotes":""},"categories":[1,258,263,264,121,136,262,261,260,259],"tags":[],"class_list":["post-3360","post","type-post","status-publish","format-standard","hentry","category-zer","category-curs-2024-2025-pu","category-curs-2024-2025-sf","category-curs-2024-2025","category-esc-mor","category-esc-viro","category-pu-classe-de-les-baldufes","category-pu-classe-de-les-marimbes","category-classe-del-drac-xines","category-pu-classe-del-sushi"],"post_mailing_queue_ids":[],"_links":{"self":[{"href":"https:\/\/agora.xtec.cat\/zercepdesis\/wp-json\/wp\/v2\/posts\/3360","targetHints":{"allow":["GET"]}}],"collection":[{"href":"https:\/\/agora.xtec.cat\/zercepdesis\/wp-json\/wp\/v2\/posts"}],"about":[{"href":"https:\/\/agora.xtec.cat\/zercepdesis\/wp-json\/wp\/v2\/types\/post"}],"author":[{"embeddable":true,"href":"https:\/\/agora.xtec.cat\/zercepdesis\/wp-json\/wp\/v2\/users\/1"}],"replies":[{"embeddable":true,"href":"https:\/\/agora.xtec.cat\/zercepdesis\/wp-json\/wp\/v2\/comments?post=3360"}],"version-history":[{"count":1,"href":"https:\/\/agora.xtec.cat\/zercepdesis\/wp-json\/wp\/v2\/posts\/3360\/revisions"}],"predecessor-version":[{"id":3362,"href":"https:\/\/agora.xtec.cat\/zercepdesis\/wp-json\/wp\/v2\/posts\/3360\/revisions\/3362"}],"wp:attachment":[{"href":"https:\/\/agora.xtec.cat\/zercepdesis\/wp-json\/wp\/v2\/media?parent=3360"}],"wp:term":[{"taxonomy":"category","embeddable":true,"href":"https:\/\/agora.xtec.cat\/zercepdesis\/wp-json\/wp\/v2\/categories?post=3360"},{"taxonomy":"post_tag","embeddable":true,"href":"https:\/\/agora.xtec.cat\/zercepdesis\/wp-json\/wp\/v2\/tags?post=3360"}],"curies":[{"name":"wp","href":"https:\/\/api.w.org\/{rel}","templated":true}]}}