{"id":3329,"date":"2024-11-25T13:32:23","date_gmt":"2024-11-25T12:32:23","guid":{"rendered":"https:\/\/agora.xtec.cat\/zercepdesis\/?p=3329"},"modified":"2024-12-19T12:53:25","modified_gmt":"2024-12-19T11:53:25","slug":"anem-al-teatre-cm-i-cs","status":"publish","type":"post","link":"https:\/\/agora.xtec.cat\/zercepdesis\/zer\/anem-al-teatre-cm-i-cs\/","title":{"rendered":"Anem al teatre CM i CS"},"content":{"rendered":"<p style=\"text-align: justify;\">El passat 20 de novembre els alumnes de prim\u00e0ria vam anar al teatre a Vilafranca.<\/p>\n<p style=\"text-align: justify;\">Dins el programa &#8220;Anem al teatre&#8221; organitzat per la Diputaci\u00f3 de Barcelona en col\u00b7laboraci\u00f3 amb els Ajuntaments, vam poder gaudir de l&#8217;obra EL VIATGE DE LA BOWA al teatre Cal Bolet.\u00a0Bowa \u00e9s n\u00f2mada i recorre el m\u00f3n buscant els destinataris dels missatges de les ampolles que les persones an\u00f2nimes llencen al mar. L\u2019ampolla \u00e9s el fil conductor i l\u2019element clau d\u2019aquesta hist\u00f2ria.<\/p>\n<p style=\"text-align: justify;\">Un espectacle d&#8217;acrob\u00e0cia a\u00e8ria, humor i poesia.<\/p>\n<p><a href=\"https:\/\/agora.xtec.cat\/zercepdesis\/wp-content\/uploads\/usu2412\/2024\/11\/Model-WEB-2-1.jpg\"><img loading=\"lazy\" decoding=\"async\" class=\"alignnone size-large wp-image-3330\" src=\"https:\/\/agora.xtec.cat\/zercepdesis\/wp-content\/uploads\/usu2412\/2024\/11\/Model-WEB-2-1-576x1024.jpg\" alt=\"\" width=\"576\" height=\"1024\" srcset=\"https:\/\/agora.xtec.cat\/zercepdesis\/wp-content\/uploads\/usu2412\/2024\/11\/Model-WEB-2-1-576x1024.jpg 576w, https:\/\/agora.xtec.cat\/zercepdesis\/wp-content\/uploads\/usu2412\/2024\/11\/Model-WEB-2-1-169x300.jpg 169w, https:\/\/agora.xtec.cat\/zercepdesis\/wp-content\/uploads\/usu2412\/2024\/11\/Model-WEB-2-1-768x1365.jpg 768w, https:\/\/agora.xtec.cat\/zercepdesis\/wp-content\/uploads\/usu2412\/2024\/11\/Model-WEB-2-1-864x1536.jpg 864w, https:\/\/agora.xtec.cat\/zercepdesis\/wp-content\/uploads\/usu2412\/2024\/11\/Model-WEB-2-1.jpg 1080w\" sizes=\"auto, (max-width: 576px) 100vw, 576px\" \/><\/a><\/p>\n","protected":false},"excerpt":{"rendered":"<p>El passat 20 de novembre els alumnes de prim\u00e0ria vam anar al teatre a Vilafranca.<br \/>\nDins el programa &#8220;Anem al teatre&#8221; organitzat per la Diputaci\u00f3 de Barcelona en col\u00b7laboraci\u00f3 amb els Ajuntaments, vam poder gaudir de l&#8217;obra EL VIATGE DE LA BOWA al teatre Cal Bolet.\u00a0Bowa&hellip;  <a href=\"https:\/\/agora.xtec.cat\/zercepdesis\/zer\/anem-al-teatre-cm-i-cs\/\" title=\"Read Anem al teatre CM i CS\">Llegeix m\u00e9s\u00bb<\/a><\/p>\n","protected":false},"author":1,"featured_media":0,"comment_status":"open","ping_status":"closed","sticky":false,"template":"","format":"standard","meta":{"_bbp_topic_count":0,"_bbp_reply_count":0,"_bbp_total_topic_count":0,"_bbp_total_reply_count":0,"_bbp_voice_count":0,"_bbp_anonymous_reply_count":0,"_bbp_topic_count_hidden":0,"_bbp_reply_count_hidden":0,"_bbp_forum_subforum_count":0,"footnotes":""},"categories":[1,258,263,264,121,136,260,259],"tags":[],"class_list":["post-3329","post","type-post","status-publish","format-standard","hentry","category-zer","category-curs-2024-2025-pu","category-curs-2024-2025-sf","category-curs-2024-2025","category-esc-mor","category-esc-viro","category-classe-del-drac-xines","category-pu-classe-del-sushi"],"post_mailing_queue_ids":[],"_links":{"self":[{"href":"https:\/\/agora.xtec.cat\/zercepdesis\/wp-json\/wp\/v2\/posts\/3329","targetHints":{"allow":["GET"]}}],"collection":[{"href":"https:\/\/agora.xtec.cat\/zercepdesis\/wp-json\/wp\/v2\/posts"}],"about":[{"href":"https:\/\/agora.xtec.cat\/zercepdesis\/wp-json\/wp\/v2\/types\/post"}],"author":[{"embeddable":true,"href":"https:\/\/agora.xtec.cat\/zercepdesis\/wp-json\/wp\/v2\/users\/1"}],"replies":[{"embeddable":true,"href":"https:\/\/agora.xtec.cat\/zercepdesis\/wp-json\/wp\/v2\/comments?post=3329"}],"version-history":[{"count":2,"href":"https:\/\/agora.xtec.cat\/zercepdesis\/wp-json\/wp\/v2\/posts\/3329\/revisions"}],"predecessor-version":[{"id":3350,"href":"https:\/\/agora.xtec.cat\/zercepdesis\/wp-json\/wp\/v2\/posts\/3329\/revisions\/3350"}],"wp:attachment":[{"href":"https:\/\/agora.xtec.cat\/zercepdesis\/wp-json\/wp\/v2\/media?parent=3329"}],"wp:term":[{"taxonomy":"category","embeddable":true,"href":"https:\/\/agora.xtec.cat\/zercepdesis\/wp-json\/wp\/v2\/categories?post=3329"},{"taxonomy":"post_tag","embeddable":true,"href":"https:\/\/agora.xtec.cat\/zercepdesis\/wp-json\/wp\/v2\/tags?post=3329"}],"curies":[{"name":"wp","href":"https:\/\/api.w.org\/{rel}","templated":true}]}}