{"id":3326,"date":"2024-11-25T13:15:21","date_gmt":"2024-11-25T12:15:21","guid":{"rendered":"https:\/\/agora.xtec.cat\/zercepdesis\/?p=3326"},"modified":"2024-12-19T12:52:15","modified_gmt":"2024-12-19T11:52:15","slug":"la-llibreta-reportera","status":"publish","type":"post","link":"https:\/\/agora.xtec.cat\/zercepdesis\/esc-viro\/la-llibreta-reportera\/","title":{"rendered":"La Llibreta Reportera"},"content":{"rendered":"<p style=\"text-align: justify;\"><span style=\"font-weight: 400;\">Des de l\u2019inici de curs totes les classes de l\u2019Escola Virolai hem iniciat la LLibreta Reportera.\u00a0<\/span><\/p>\n<p style=\"text-align: justify;\"><span style=\"font-weight: 400;\">I us preguntareu en qu\u00e8 consisteix aquesta proposta?\u00a0<\/span><\/p>\n<p style=\"text-align: justify;\"><span style=\"font-weight: 400;\">L\u2019objectiu de la llibreta reportera ens permet treballar <\/span><b>l\u2019expressi\u00f3 escrita <\/b><span style=\"font-weight: 400;\">m\u00e9s concretament la<\/span> <span style=\"font-weight: 400;\">descripci\u00f3 a partir d\u2019aquesta poder establir una conversa entre iguals, iniciant-nos en la reflexi\u00f3 i pensament cr\u00edtic.<\/span><\/p>\n<p style=\"text-align: justify;\"><span style=\"font-weight: 400;\">Aquest recurs viatja cada setmana a una casa d\u2019una fam\u00edlia, despr\u00e9s d\u2019haver-la treballat, la compartim a l\u2019aula.<\/span><\/p>\n<p style=\"text-align: justify;\"><span style=\"font-weight: 400;\">Cada nivell treballa aspectes diferents depenen dels interessos i necessitats.<\/span><\/p>\n<p style=\"text-align: justify;\"><span style=\"font-weight: 400;\">Aquest primer trimestre la classe Sushi hem presentat persones importants de la nostra fam\u00edlia. S\u2019ha creat un clima molt bonic perqu\u00e8 cadasc\u00fa ha explicat aquelles persones que ha fet alguna cosa important o li \u00e9s significativa. I ens ha perm\u00e8s crear complicitats, vincles i coneixen\u00e7a del grup.<\/span><\/p>\n<p><a href=\"https:\/\/agora.xtec.cat\/zercepdesis\/wp-content\/uploads\/usu2412\/2024\/11\/Model-WEB-1.jpg\"><img loading=\"lazy\" decoding=\"async\" class=\"alignnone size-large wp-image-3327\" src=\"https:\/\/agora.xtec.cat\/zercepdesis\/wp-content\/uploads\/usu2412\/2024\/11\/Model-WEB-1-576x1024.jpg\" alt=\"\" width=\"576\" height=\"1024\" srcset=\"https:\/\/agora.xtec.cat\/zercepdesis\/wp-content\/uploads\/usu2412\/2024\/11\/Model-WEB-1-576x1024.jpg 576w, https:\/\/agora.xtec.cat\/zercepdesis\/wp-content\/uploads\/usu2412\/2024\/11\/Model-WEB-1-169x300.jpg 169w, https:\/\/agora.xtec.cat\/zercepdesis\/wp-content\/uploads\/usu2412\/2024\/11\/Model-WEB-1-768x1365.jpg 768w, https:\/\/agora.xtec.cat\/zercepdesis\/wp-content\/uploads\/usu2412\/2024\/11\/Model-WEB-1-864x1536.jpg 864w, https:\/\/agora.xtec.cat\/zercepdesis\/wp-content\/uploads\/usu2412\/2024\/11\/Model-WEB-1.jpg 1080w\" sizes=\"auto, (max-width: 576px) 100vw, 576px\" \/><\/a><\/p>\n<p>&nbsp;<\/p>\n","protected":false},"excerpt":{"rendered":"<p>Des de l\u2019inici de curs totes les classes de l\u2019Escola Virolai hem iniciat la LLibreta Reportera.\u00a0<br \/>\nI us preguntareu en qu\u00e8 consisteix aquesta proposta?\u00a0<br \/>\nL\u2019objectiu de la llibreta reportera ens permet treballar l\u2019expressi\u00f3 escrita m\u00e9s concretament la descripci\u00f3 a partir d\u2019aquesta poder establir una conversa entre iguals,&hellip;  <a href=\"https:\/\/agora.xtec.cat\/zercepdesis\/esc-viro\/la-llibreta-reportera\/\" title=\"Read La Llibreta Reportera\">Llegeix m\u00e9s\u00bb<\/a><\/p>\n","protected":false},"author":1,"featured_media":0,"comment_status":"open","ping_status":"closed","sticky":false,"template":"","format":"standard","meta":{"_bbp_topic_count":0,"_bbp_reply_count":0,"_bbp_total_topic_count":0,"_bbp_total_reply_count":0,"_bbp_voice_count":0,"_bbp_anonymous_reply_count":0,"_bbp_topic_count_hidden":0,"_bbp_reply_count_hidden":0,"_bbp_forum_subforum_count":0,"footnotes":""},"categories":[258,136,259],"tags":[],"class_list":["post-3326","post","type-post","status-publish","format-standard","hentry","category-curs-2024-2025-pu","category-esc-viro","category-pu-classe-del-sushi"],"post_mailing_queue_ids":[],"_links":{"self":[{"href":"https:\/\/agora.xtec.cat\/zercepdesis\/wp-json\/wp\/v2\/posts\/3326","targetHints":{"allow":["GET"]}}],"collection":[{"href":"https:\/\/agora.xtec.cat\/zercepdesis\/wp-json\/wp\/v2\/posts"}],"about":[{"href":"https:\/\/agora.xtec.cat\/zercepdesis\/wp-json\/wp\/v2\/types\/post"}],"author":[{"embeddable":true,"href":"https:\/\/agora.xtec.cat\/zercepdesis\/wp-json\/wp\/v2\/users\/1"}],"replies":[{"embeddable":true,"href":"https:\/\/agora.xtec.cat\/zercepdesis\/wp-json\/wp\/v2\/comments?post=3326"}],"version-history":[{"count":2,"href":"https:\/\/agora.xtec.cat\/zercepdesis\/wp-json\/wp\/v2\/posts\/3326\/revisions"}],"predecessor-version":[{"id":3347,"href":"https:\/\/agora.xtec.cat\/zercepdesis\/wp-json\/wp\/v2\/posts\/3326\/revisions\/3347"}],"wp:attachment":[{"href":"https:\/\/agora.xtec.cat\/zercepdesis\/wp-json\/wp\/v2\/media?parent=3326"}],"wp:term":[{"taxonomy":"category","embeddable":true,"href":"https:\/\/agora.xtec.cat\/zercepdesis\/wp-json\/wp\/v2\/categories?post=3326"},{"taxonomy":"post_tag","embeddable":true,"href":"https:\/\/agora.xtec.cat\/zercepdesis\/wp-json\/wp\/v2\/tags?post=3326"}],"curies":[{"name":"wp","href":"https:\/\/api.w.org\/{rel}","templated":true}]}}