{"id":3309,"date":"2024-11-11T14:04:40","date_gmt":"2024-11-11T13:04:40","guid":{"rendered":"https:\/\/agora.xtec.cat\/zercepdesis\/?p=3309"},"modified":"2024-12-19T12:52:35","modified_gmt":"2024-12-19T11:52:35","slug":"29a-setmana-de-la-ciencia","status":"publish","type":"post","link":"https:\/\/agora.xtec.cat\/zercepdesis\/zer\/29a-setmana-de-la-ciencia\/","title":{"rendered":"29a Setmana de la Ci\u00e8ncia"},"content":{"rendered":"<p style=\"text-align: justify;\">Avui ens hem trobat l&#8217;alumnat de 4t, 5\u00e8 i 6\u00e8 de les dues escoles a Santa Fe per dur a terme un Taller de Ci\u00e8ncies anomenat &#8220;A la recerca del m\u00f3n&#8221;. Aquesta proposta s&#8217;emmarca dins la 29a Setmana de la Ci\u00e8ncia i gr\u00e0cies a les cient\u00edfiques dinamitzadores dels tallers hem pogut descobrir aspectes relacionats amb la densitat de l&#8217;aigua, amb el CO2, amb la permeabilitat i amb l&#8217;\u00e8tica i la ci\u00e8ncia.<\/p>\n<p style=\"text-align: justify;\">Un mat\u00ed d&#8217;aprenentatges molt motivador i enriquidor!<\/p>\n<p><a href=\"https:\/\/agora.xtec.cat\/zercepdesis\/wp-content\/uploads\/usu2412\/2024\/11\/Model-WEB-5.jpg\"><img loading=\"lazy\" decoding=\"async\" class=\"alignnone size-large wp-image-3311\" src=\"https:\/\/agora.xtec.cat\/zercepdesis\/wp-content\/uploads\/usu2412\/2024\/11\/Model-WEB-5-576x1024.jpg\" alt=\"\" width=\"576\" height=\"1024\" srcset=\"https:\/\/agora.xtec.cat\/zercepdesis\/wp-content\/uploads\/usu2412\/2024\/11\/Model-WEB-5-576x1024.jpg 576w, https:\/\/agora.xtec.cat\/zercepdesis\/wp-content\/uploads\/usu2412\/2024\/11\/Model-WEB-5-169x300.jpg 169w, https:\/\/agora.xtec.cat\/zercepdesis\/wp-content\/uploads\/usu2412\/2024\/11\/Model-WEB-5-768x1365.jpg 768w, https:\/\/agora.xtec.cat\/zercepdesis\/wp-content\/uploads\/usu2412\/2024\/11\/Model-WEB-5-864x1536.jpg 864w, https:\/\/agora.xtec.cat\/zercepdesis\/wp-content\/uploads\/usu2412\/2024\/11\/Model-WEB-5.jpg 1080w\" sizes=\"auto, (max-width: 576px) 100vw, 576px\" \/><\/a><\/p>\n","protected":false},"excerpt":{"rendered":"<p>Avui ens hem trobat l&#8217;alumnat de 4t, 5\u00e8 i 6\u00e8 de les dues escoles a Santa Fe per dur a terme un Taller de Ci\u00e8ncies anomenat &#8220;A la recerca del m\u00f3n&#8221;. Aquesta proposta s&#8217;emmarca dins la 29a Setmana de la Ci\u00e8ncia i gr\u00e0cies a les&hellip;  <a href=\"https:\/\/agora.xtec.cat\/zercepdesis\/zer\/29a-setmana-de-la-ciencia\/\" title=\"Read 29a Setmana de la Ci\u00e8ncia\">Llegeix m\u00e9s\u00bb<\/a><\/p>\n","protected":false},"author":1,"featured_media":0,"comment_status":"open","ping_status":"closed","sticky":false,"template":"","format":"standard","meta":{"_bbp_topic_count":0,"_bbp_reply_count":0,"_bbp_total_topic_count":0,"_bbp_total_reply_count":0,"_bbp_voice_count":0,"_bbp_anonymous_reply_count":0,"_bbp_topic_count_hidden":0,"_bbp_reply_count_hidden":0,"_bbp_forum_subforum_count":0,"footnotes":""},"categories":[1,264,121,136,260],"tags":[],"class_list":["post-3309","post","type-post","status-publish","format-standard","hentry","category-zer","category-curs-2024-2025","category-esc-mor","category-esc-viro","category-classe-del-drac-xines"],"post_mailing_queue_ids":[],"_links":{"self":[{"href":"https:\/\/agora.xtec.cat\/zercepdesis\/wp-json\/wp\/v2\/posts\/3309","targetHints":{"allow":["GET"]}}],"collection":[{"href":"https:\/\/agora.xtec.cat\/zercepdesis\/wp-json\/wp\/v2\/posts"}],"about":[{"href":"https:\/\/agora.xtec.cat\/zercepdesis\/wp-json\/wp\/v2\/types\/post"}],"author":[{"embeddable":true,"href":"https:\/\/agora.xtec.cat\/zercepdesis\/wp-json\/wp\/v2\/users\/1"}],"replies":[{"embeddable":true,"href":"https:\/\/agora.xtec.cat\/zercepdesis\/wp-json\/wp\/v2\/comments?post=3309"}],"version-history":[{"count":2,"href":"https:\/\/agora.xtec.cat\/zercepdesis\/wp-json\/wp\/v2\/posts\/3309\/revisions"}],"predecessor-version":[{"id":3348,"href":"https:\/\/agora.xtec.cat\/zercepdesis\/wp-json\/wp\/v2\/posts\/3309\/revisions\/3348"}],"wp:attachment":[{"href":"https:\/\/agora.xtec.cat\/zercepdesis\/wp-json\/wp\/v2\/media?parent=3309"}],"wp:term":[{"taxonomy":"category","embeddable":true,"href":"https:\/\/agora.xtec.cat\/zercepdesis\/wp-json\/wp\/v2\/categories?post=3309"},{"taxonomy":"post_tag","embeddable":true,"href":"https:\/\/agora.xtec.cat\/zercepdesis\/wp-json\/wp\/v2\/tags?post=3309"}],"curies":[{"name":"wp","href":"https:\/\/api.w.org\/{rel}","templated":true}]}}