{"id":3300,"date":"2024-11-11T13:54:39","date_gmt":"2024-11-11T12:54:39","guid":{"rendered":"https:\/\/agora.xtec.cat\/zercepdesis\/?p=3300"},"modified":"2024-12-19T12:54:18","modified_gmt":"2024-12-19T11:54:18","slug":"cooperativa-oberta","status":"publish","type":"post","link":"https:\/\/agora.xtec.cat\/zercepdesis\/esc-mor\/cooperativa-oberta\/","title":{"rendered":"Cooperativa oberta!"},"content":{"rendered":"<p style=\"text-align: justify;\">Tornen els divendres de cooperativa i no podem estar m\u00e9s emocionats i emocionades! Aquesta primera vegada no ten\u00edem producte de l&#8217;hort, perqu\u00e8 just hi hav\u00edem plantat. Vam vendre bosses de tela que vam estampar amb fruites i verdures, trencaclosques fets amb fustes reutilitzades, caixes decorades i un munt de productes m\u00e9s! Com a novetat, ten\u00edem plantes arom\u00e0tiques, com l&#8217;alf\u00e0brega o el julivert.<\/p>\n<p><a href=\"https:\/\/agora.xtec.cat\/zercepdesis\/wp-content\/uploads\/usu2412\/2024\/11\/WhatsApp-Image-2024-11-11-at-13.31.40.jpeg\"><img loading=\"lazy\" decoding=\"async\" class=\"alignnone size-large wp-image-3306\" src=\"https:\/\/agora.xtec.cat\/zercepdesis\/wp-content\/uploads\/usu2412\/2024\/11\/WhatsApp-Image-2024-11-11-at-13.31.40-768x1024.jpeg\" alt=\"\" width=\"768\" height=\"1024\" srcset=\"https:\/\/agora.xtec.cat\/zercepdesis\/wp-content\/uploads\/usu2412\/2024\/11\/WhatsApp-Image-2024-11-11-at-13.31.40-768x1024.jpeg 768w, https:\/\/agora.xtec.cat\/zercepdesis\/wp-content\/uploads\/usu2412\/2024\/11\/WhatsApp-Image-2024-11-11-at-13.31.40-225x300.jpeg 225w, https:\/\/agora.xtec.cat\/zercepdesis\/wp-content\/uploads\/usu2412\/2024\/11\/WhatsApp-Image-2024-11-11-at-13.31.40-1152x1536.jpeg 1152w, https:\/\/agora.xtec.cat\/zercepdesis\/wp-content\/uploads\/usu2412\/2024\/11\/WhatsApp-Image-2024-11-11-at-13.31.40.jpeg 1536w\" sizes=\"auto, (max-width: 768px) 100vw, 768px\" \/><\/a><a href=\"https:\/\/agora.xtec.cat\/zercepdesis\/wp-content\/uploads\/usu2412\/2024\/11\/WhatsApp-Image-2024-11-11-at-13.31.37.jpeg\"><img loading=\"lazy\" decoding=\"async\" class=\"alignnone size-large wp-image-3307\" src=\"https:\/\/agora.xtec.cat\/zercepdesis\/wp-content\/uploads\/usu2412\/2024\/11\/WhatsApp-Image-2024-11-11-at-13.31.37-1024x768.jpeg\" alt=\"\" width=\"1024\" height=\"768\" srcset=\"https:\/\/agora.xtec.cat\/zercepdesis\/wp-content\/uploads\/usu2412\/2024\/11\/WhatsApp-Image-2024-11-11-at-13.31.37-1024x768.jpeg 1024w, https:\/\/agora.xtec.cat\/zercepdesis\/wp-content\/uploads\/usu2412\/2024\/11\/WhatsApp-Image-2024-11-11-at-13.31.37-300x225.jpeg 300w, https:\/\/agora.xtec.cat\/zercepdesis\/wp-content\/uploads\/usu2412\/2024\/11\/WhatsApp-Image-2024-11-11-at-13.31.37-768x576.jpeg 768w, https:\/\/agora.xtec.cat\/zercepdesis\/wp-content\/uploads\/usu2412\/2024\/11\/WhatsApp-Image-2024-11-11-at-13.31.37-1536x1152.jpeg 1536w, https:\/\/agora.xtec.cat\/zercepdesis\/wp-content\/uploads\/usu2412\/2024\/11\/WhatsApp-Image-2024-11-11-at-13.31.37-200x150.jpeg 200w, https:\/\/agora.xtec.cat\/zercepdesis\/wp-content\/uploads\/usu2412\/2024\/11\/WhatsApp-Image-2024-11-11-at-13.31.37.jpeg 2048w\" sizes=\"auto, (max-width: 1024px) 100vw, 1024px\" \/><\/a><\/p>\n","protected":false},"excerpt":{"rendered":"<p>Tornen els divendres de cooperativa i no podem estar m\u00e9s emocionats i emocionades! Aquesta primera vegada no ten\u00edem producte de l&#8217;hort, perqu\u00e8 just hi hav\u00edem plantat. Vam vendre bosses de tela que vam estampar amb fruites i verdures, trencaclosques fets amb fustes reutilitzades, caixes decorades&hellip;  <a href=\"https:\/\/agora.xtec.cat\/zercepdesis\/esc-mor\/cooperativa-oberta\/\" title=\"Read Cooperativa oberta!\">Llegeix m\u00e9s\u00bb<\/a><\/p>\n","protected":false},"author":1,"featured_media":0,"comment_status":"open","ping_status":"closed","sticky":false,"template":"","format":"standard","meta":{"_bbp_topic_count":0,"_bbp_reply_count":0,"_bbp_total_topic_count":0,"_bbp_total_reply_count":0,"_bbp_voice_count":0,"_bbp_anonymous_reply_count":0,"_bbp_topic_count_hidden":0,"_bbp_reply_count_hidden":0,"_bbp_forum_subforum_count":0,"footnotes":""},"categories":[263,121],"tags":[],"class_list":["post-3300","post","type-post","status-publish","format-standard","hentry","category-curs-2024-2025-sf","category-esc-mor"],"post_mailing_queue_ids":[],"_links":{"self":[{"href":"https:\/\/agora.xtec.cat\/zercepdesis\/wp-json\/wp\/v2\/posts\/3300","targetHints":{"allow":["GET"]}}],"collection":[{"href":"https:\/\/agora.xtec.cat\/zercepdesis\/wp-json\/wp\/v2\/posts"}],"about":[{"href":"https:\/\/agora.xtec.cat\/zercepdesis\/wp-json\/wp\/v2\/types\/post"}],"author":[{"embeddable":true,"href":"https:\/\/agora.xtec.cat\/zercepdesis\/wp-json\/wp\/v2\/users\/1"}],"replies":[{"embeddable":true,"href":"https:\/\/agora.xtec.cat\/zercepdesis\/wp-json\/wp\/v2\/comments?post=3300"}],"version-history":[{"count":2,"href":"https:\/\/agora.xtec.cat\/zercepdesis\/wp-json\/wp\/v2\/posts\/3300\/revisions"}],"predecessor-version":[{"id":3352,"href":"https:\/\/agora.xtec.cat\/zercepdesis\/wp-json\/wp\/v2\/posts\/3300\/revisions\/3352"}],"wp:attachment":[{"href":"https:\/\/agora.xtec.cat\/zercepdesis\/wp-json\/wp\/v2\/media?parent=3300"}],"wp:term":[{"taxonomy":"category","embeddable":true,"href":"https:\/\/agora.xtec.cat\/zercepdesis\/wp-json\/wp\/v2\/categories?post=3300"},{"taxonomy":"post_tag","embeddable":true,"href":"https:\/\/agora.xtec.cat\/zercepdesis\/wp-json\/wp\/v2\/tags?post=3300"}],"curies":[{"name":"wp","href":"https:\/\/api.w.org\/{rel}","templated":true}]}}