{"id":3296,"date":"2024-10-28T13:27:17","date_gmt":"2024-10-28T12:27:17","guid":{"rendered":"https:\/\/agora.xtec.cat\/zercepdesis\/?p=3296"},"modified":"2024-12-19T12:54:55","modified_gmt":"2024-12-19T11:54:55","slug":"tallers-artistics","status":"publish","type":"post","link":"https:\/\/agora.xtec.cat\/zercepdesis\/esc-viro\/curs-2024-2025-pu\/tallers-artistics\/","title":{"rendered":"Tallers art\u00edstics"},"content":{"rendered":"<p style=\"text-align: justify;\">Aquest mes d&#8217;octubre hem iniciat els taller d&#8217;Art i de Rob\u00f2tica els dijous a la tarda a prim\u00e0ria.<\/p>\n<p style=\"text-align: justify;\">Estem descobrint com podem comunicar i reivindicar aspectes socials a trav\u00e9s de l&#8217;art, posant la mirada en el poble, Puigd\u00e0lber. <span style=\"font-family: inherit; font-size: 1em;\">A m\u00e9s a m\u00e9s, ens estem iniciant i aprofundint en el pensament computacional a partir de les propostes de rob\u00f2tica.\u00a0<\/span><\/p>\n<p>Una experi\u00e8ncia pels 5 sentits!<a href=\"https:\/\/agora.xtec.cat\/zercepdesis\/wp-content\/uploads\/usu2412\/2024\/10\/Model-WEB-1.jpg\"><img loading=\"lazy\" decoding=\"async\" class=\"alignnone size-large wp-image-3297\" src=\"https:\/\/agora.xtec.cat\/zercepdesis\/wp-content\/uploads\/usu2412\/2024\/10\/Model-WEB-1-576x1024.jpg\" alt=\"\" width=\"576\" height=\"1024\" srcset=\"https:\/\/agora.xtec.cat\/zercepdesis\/wp-content\/uploads\/usu2412\/2024\/10\/Model-WEB-1-576x1024.jpg 576w, https:\/\/agora.xtec.cat\/zercepdesis\/wp-content\/uploads\/usu2412\/2024\/10\/Model-WEB-1-169x300.jpg 169w, https:\/\/agora.xtec.cat\/zercepdesis\/wp-content\/uploads\/usu2412\/2024\/10\/Model-WEB-1-768x1365.jpg 768w, https:\/\/agora.xtec.cat\/zercepdesis\/wp-content\/uploads\/usu2412\/2024\/10\/Model-WEB-1-864x1536.jpg 864w, https:\/\/agora.xtec.cat\/zercepdesis\/wp-content\/uploads\/usu2412\/2024\/10\/Model-WEB-1.jpg 1080w\" sizes=\"auto, (max-width: 576px) 100vw, 576px\" \/><\/a><\/p>\n","protected":false},"excerpt":{"rendered":"<p>Aquest mes d&#8217;octubre hem iniciat els taller d&#8217;Art i de Rob\u00f2tica els dijous a la tarda a prim\u00e0ria.<br \/>\nEstem descobrint com podem comunicar i reivindicar aspectes socials a trav\u00e9s de l&#8217;art, posant la mirada en el poble, Puigd\u00e0lber. A m\u00e9s a m\u00e9s, ens estem iniciant i&hellip;  <a href=\"https:\/\/agora.xtec.cat\/zercepdesis\/esc-viro\/curs-2024-2025-pu\/tallers-artistics\/\" title=\"Read Tallers art\u00edstics\">Llegeix m\u00e9s\u00bb<\/a><\/p>\n","protected":false},"author":1,"featured_media":0,"comment_status":"open","ping_status":"closed","sticky":false,"template":"","format":"standard","meta":{"_bbp_topic_count":0,"_bbp_reply_count":0,"_bbp_total_topic_count":0,"_bbp_total_reply_count":0,"_bbp_voice_count":0,"_bbp_anonymous_reply_count":0,"_bbp_topic_count_hidden":0,"_bbp_reply_count_hidden":0,"_bbp_forum_subforum_count":0,"footnotes":""},"categories":[258,260,259],"tags":[],"class_list":["post-3296","post","type-post","status-publish","format-standard","hentry","category-curs-2024-2025-pu","category-classe-del-drac-xines","category-pu-classe-del-sushi"],"post_mailing_queue_ids":[],"_links":{"self":[{"href":"https:\/\/agora.xtec.cat\/zercepdesis\/wp-json\/wp\/v2\/posts\/3296","targetHints":{"allow":["GET"]}}],"collection":[{"href":"https:\/\/agora.xtec.cat\/zercepdesis\/wp-json\/wp\/v2\/posts"}],"about":[{"href":"https:\/\/agora.xtec.cat\/zercepdesis\/wp-json\/wp\/v2\/types\/post"}],"author":[{"embeddable":true,"href":"https:\/\/agora.xtec.cat\/zercepdesis\/wp-json\/wp\/v2\/users\/1"}],"replies":[{"embeddable":true,"href":"https:\/\/agora.xtec.cat\/zercepdesis\/wp-json\/wp\/v2\/comments?post=3296"}],"version-history":[{"count":2,"href":"https:\/\/agora.xtec.cat\/zercepdesis\/wp-json\/wp\/v2\/posts\/3296\/revisions"}],"predecessor-version":[{"id":3355,"href":"https:\/\/agora.xtec.cat\/zercepdesis\/wp-json\/wp\/v2\/posts\/3296\/revisions\/3355"}],"wp:attachment":[{"href":"https:\/\/agora.xtec.cat\/zercepdesis\/wp-json\/wp\/v2\/media?parent=3296"}],"wp:term":[{"taxonomy":"category","embeddable":true,"href":"https:\/\/agora.xtec.cat\/zercepdesis\/wp-json\/wp\/v2\/categories?post=3296"},{"taxonomy":"post_tag","embeddable":true,"href":"https:\/\/agora.xtec.cat\/zercepdesis\/wp-json\/wp\/v2\/tags?post=3296"}],"curies":[{"name":"wp","href":"https:\/\/api.w.org\/{rel}","templated":true}]}}