{"id":3287,"date":"2024-10-07T13:25:37","date_gmt":"2024-10-07T11:25:37","guid":{"rendered":"https:\/\/agora.xtec.cat\/zercepdesis\/?p=3287"},"modified":"2024-12-19T12:55:08","modified_gmt":"2024-12-19T11:55:08","slug":"la-tardor-ja-es-aqui","status":"publish","type":"post","link":"https:\/\/agora.xtec.cat\/zercepdesis\/esc-viro\/curs-2024-2025-pu\/la-tardor-ja-es-aqui\/","title":{"rendered":"La Tardor ja \u00e9s aqu\u00ed!"},"content":{"rendered":"<p style=\"text-align: justify;\">La tardor ja \u00e9s aqu\u00ed!<\/p>\n<p style=\"text-align: justify;\">Els nens i nenes de la classe de les Marimbes hem comen\u00e7at a observar certs canvis en el nostre entorn\u2026 fulles que cauen, colors que canvien, temperatures que varien\u2026 a qu\u00e8 \u00e9s deu tot aix\u00f2? Doncs, a l\u2019arribada de la tardor! Hem creat un espai a l\u2019aula on anem compartint evid\u00e8ncies d\u2019aquest canvi d\u2019estaci\u00f3 i hem parlat del nostre planeta i del sistema solar per entendre millor aquest fenomen! Els contes inspirats en la tardor ens acompanyen aquests dies a l\u2019aula.<\/p>\n<p><a href=\"https:\/\/agora.xtec.cat\/zercepdesis\/wp-content\/uploads\/usu2412\/2024\/10\/Model-WEB1.jpg\"><img loading=\"lazy\" decoding=\"async\" class=\"alignnone size-large wp-image-3290\" src=\"https:\/\/agora.xtec.cat\/zercepdesis\/wp-content\/uploads\/usu2412\/2024\/10\/Model-WEB1-576x1024.jpg\" alt=\"\" width=\"576\" height=\"1024\" srcset=\"https:\/\/agora.xtec.cat\/zercepdesis\/wp-content\/uploads\/usu2412\/2024\/10\/Model-WEB1-576x1024.jpg 576w, https:\/\/agora.xtec.cat\/zercepdesis\/wp-content\/uploads\/usu2412\/2024\/10\/Model-WEB1-169x300.jpg 169w, https:\/\/agora.xtec.cat\/zercepdesis\/wp-content\/uploads\/usu2412\/2024\/10\/Model-WEB1-768x1365.jpg 768w, https:\/\/agora.xtec.cat\/zercepdesis\/wp-content\/uploads\/usu2412\/2024\/10\/Model-WEB1-864x1536.jpg 864w, https:\/\/agora.xtec.cat\/zercepdesis\/wp-content\/uploads\/usu2412\/2024\/10\/Model-WEB1.jpg 1080w\" sizes=\"auto, (max-width: 576px) 100vw, 576px\" \/><\/a><\/p>\n","protected":false},"excerpt":{"rendered":"<p>La tardor ja \u00e9s aqu\u00ed!<br \/>\nEls nens i nenes de la classe de les Marimbes hem comen\u00e7at a observar certs canvis en el nostre entorn\u2026 fulles que cauen, colors que canvien, temperatures que varien\u2026 a qu\u00e8 \u00e9s deu tot aix\u00f2? Doncs, a l\u2019arribada de la tardor!&hellip;  <a href=\"https:\/\/agora.xtec.cat\/zercepdesis\/esc-viro\/curs-2024-2025-pu\/la-tardor-ja-es-aqui\/\" title=\"Read La Tardor ja \u00e9s aqu\u00ed!\">Llegeix m\u00e9s\u00bb<\/a><\/p>\n","protected":false},"author":1,"featured_media":0,"comment_status":"open","ping_status":"closed","sticky":false,"template":"","format":"standard","meta":{"_bbp_topic_count":0,"_bbp_reply_count":0,"_bbp_total_topic_count":0,"_bbp_total_reply_count":0,"_bbp_voice_count":0,"_bbp_anonymous_reply_count":0,"_bbp_topic_count_hidden":0,"_bbp_reply_count_hidden":0,"_bbp_forum_subforum_count":0,"footnotes":""},"categories":[258,261],"tags":[],"class_list":["post-3287","post","type-post","status-publish","format-standard","hentry","category-curs-2024-2025-pu","category-pu-classe-de-les-marimbes"],"post_mailing_queue_ids":[],"_links":{"self":[{"href":"https:\/\/agora.xtec.cat\/zercepdesis\/wp-json\/wp\/v2\/posts\/3287","targetHints":{"allow":["GET"]}}],"collection":[{"href":"https:\/\/agora.xtec.cat\/zercepdesis\/wp-json\/wp\/v2\/posts"}],"about":[{"href":"https:\/\/agora.xtec.cat\/zercepdesis\/wp-json\/wp\/v2\/types\/post"}],"author":[{"embeddable":true,"href":"https:\/\/agora.xtec.cat\/zercepdesis\/wp-json\/wp\/v2\/users\/1"}],"replies":[{"embeddable":true,"href":"https:\/\/agora.xtec.cat\/zercepdesis\/wp-json\/wp\/v2\/comments?post=3287"}],"version-history":[{"count":3,"href":"https:\/\/agora.xtec.cat\/zercepdesis\/wp-json\/wp\/v2\/posts\/3287\/revisions"}],"predecessor-version":[{"id":3356,"href":"https:\/\/agora.xtec.cat\/zercepdesis\/wp-json\/wp\/v2\/posts\/3287\/revisions\/3356"}],"wp:attachment":[{"href":"https:\/\/agora.xtec.cat\/zercepdesis\/wp-json\/wp\/v2\/media?parent=3287"}],"wp:term":[{"taxonomy":"category","embeddable":true,"href":"https:\/\/agora.xtec.cat\/zercepdesis\/wp-json\/wp\/v2\/categories?post=3287"},{"taxonomy":"post_tag","embeddable":true,"href":"https:\/\/agora.xtec.cat\/zercepdesis\/wp-json\/wp\/v2\/tags?post=3287"}],"curies":[{"name":"wp","href":"https:\/\/api.w.org\/{rel}","templated":true}]}}