{"id":3228,"date":"2024-06-12T08:02:18","date_gmt":"2024-06-12T06:02:18","guid":{"rendered":"https:\/\/agora.xtec.cat\/zercepdesis\/?p=3228"},"modified":"2024-06-12T08:02:18","modified_gmt":"2024-06-12T06:02:18","slug":"gravacio-del-curtmetratge","status":"publish","type":"post","link":"https:\/\/agora.xtec.cat\/zercepdesis\/esc-viro\/gravacio-del-curtmetratge\/","title":{"rendered":"GRAVACI\u00d3 DEL CURTMETRATGE"},"content":{"rendered":"<p>Aquesta setmana estem fent la gravaci\u00f3 del curtmetratge creat per l&#8217;alumnat de cicle superior!<\/p>\n<p>El t\u00edtol del nostre curtmetratge \u00e9s &#8220;El robatori&#8221;.<\/p>\n<p>Al llarg del curs hem dut a terme tot el proc\u00e9s per poder arribar finalment a la gravaci\u00f3, estan sent dies plens de d&#8217;emocions i molt intriga!<\/p>\n<p>Voleu saber de qu\u00e8 tracta el nostre curtmetratge? Haureu d&#8217;esperar-vos uns dies per poder-ho descobrir!<\/p>\n<p><a href=\"https:\/\/agora.xtec.cat\/zercepdesis\/wp-content\/uploads\/usu2412\/2024\/06\/WhatsApp-Image-2024-06-12-at-07.49.06.jpeg\"><img loading=\"lazy\" decoding=\"async\" class=\"alignnone  wp-image-3229\" src=\"https:\/\/agora.xtec.cat\/zercepdesis\/wp-content\/uploads\/usu2412\/2024\/06\/WhatsApp-Image-2024-06-12-at-07.49.06-1024x768.jpeg\" alt=\"\" width=\"864\" height=\"648\" srcset=\"https:\/\/agora.xtec.cat\/zercepdesis\/wp-content\/uploads\/usu2412\/2024\/06\/WhatsApp-Image-2024-06-12-at-07.49.06-1024x768.jpeg 1024w, https:\/\/agora.xtec.cat\/zercepdesis\/wp-content\/uploads\/usu2412\/2024\/06\/WhatsApp-Image-2024-06-12-at-07.49.06-300x225.jpeg 300w, https:\/\/agora.xtec.cat\/zercepdesis\/wp-content\/uploads\/usu2412\/2024\/06\/WhatsApp-Image-2024-06-12-at-07.49.06-768x576.jpeg 768w, https:\/\/agora.xtec.cat\/zercepdesis\/wp-content\/uploads\/usu2412\/2024\/06\/WhatsApp-Image-2024-06-12-at-07.49.06-1536x1152.jpeg 1536w, https:\/\/agora.xtec.cat\/zercepdesis\/wp-content\/uploads\/usu2412\/2024\/06\/WhatsApp-Image-2024-06-12-at-07.49.06-200x150.jpeg 200w, https:\/\/agora.xtec.cat\/zercepdesis\/wp-content\/uploads\/usu2412\/2024\/06\/WhatsApp-Image-2024-06-12-at-07.49.06.jpeg 1600w\" sizes=\"auto, (max-width: 864px) 100vw, 864px\" \/><\/a><\/p>\n<p>Volem agrair a totes les fam\u00edlies i alumnat que han col\u00b7laborat activament en el proc\u00e9s d&#8217;elaboraci\u00f3 del gui\u00f3 i del rodatge, com aquelles que han fet d&#8217;actrius i actors!<\/p>\n<p>Com tamb\u00e9 l&#8217;Ajuntament per\u00a0facilitar-nos\u00a0els seus espais!<\/p>\n<p>Seguim! Aviat en veureu el resultat!<\/p>\n","protected":false},"excerpt":{"rendered":"<p>Aquesta setmana estem fent la gravaci\u00f3 del curtmetratge creat per l&#8217;alumnat de cicle superior!<br \/>\nEl t\u00edtol del nostre curtmetratge \u00e9s &#8220;El robatori&#8221;.<br \/>\nAl llarg del curs hem dut a terme tot el proc\u00e9s per poder arribar finalment a la gravaci\u00f3, estan sent dies plens de d&#8217;emocions i&hellip;  <a href=\"https:\/\/agora.xtec.cat\/zercepdesis\/esc-viro\/gravacio-del-curtmetratge\/\" title=\"Read GRAVACI\u00d3 DEL CURTMETRATGE\">Llegeix m\u00e9s\u00bb<\/a><\/p>\n","protected":false},"author":1,"featured_media":0,"comment_status":"open","ping_status":"closed","sticky":false,"template":"","format":"standard","meta":{"_bbp_topic_count":0,"_bbp_reply_count":0,"_bbp_total_topic_count":0,"_bbp_total_reply_count":0,"_bbp_voice_count":0,"_bbp_anonymous_reply_count":0,"_bbp_topic_count_hidden":0,"_bbp_reply_count_hidden":0,"_bbp_forum_subforum_count":0,"footnotes":""},"categories":[241,136],"tags":[249,194],"class_list":["post-3228","post","type-post","status-publish","format-standard","hentry","category-curs-2023-2024-pu","category-esc-viro","tag-classe-marvel","tag-escola-virolai"],"post_mailing_queue_ids":[],"_links":{"self":[{"href":"https:\/\/agora.xtec.cat\/zercepdesis\/wp-json\/wp\/v2\/posts\/3228","targetHints":{"allow":["GET"]}}],"collection":[{"href":"https:\/\/agora.xtec.cat\/zercepdesis\/wp-json\/wp\/v2\/posts"}],"about":[{"href":"https:\/\/agora.xtec.cat\/zercepdesis\/wp-json\/wp\/v2\/types\/post"}],"author":[{"embeddable":true,"href":"https:\/\/agora.xtec.cat\/zercepdesis\/wp-json\/wp\/v2\/users\/1"}],"replies":[{"embeddable":true,"href":"https:\/\/agora.xtec.cat\/zercepdesis\/wp-json\/wp\/v2\/comments?post=3228"}],"version-history":[{"count":1,"href":"https:\/\/agora.xtec.cat\/zercepdesis\/wp-json\/wp\/v2\/posts\/3228\/revisions"}],"predecessor-version":[{"id":3230,"href":"https:\/\/agora.xtec.cat\/zercepdesis\/wp-json\/wp\/v2\/posts\/3228\/revisions\/3230"}],"wp:attachment":[{"href":"https:\/\/agora.xtec.cat\/zercepdesis\/wp-json\/wp\/v2\/media?parent=3228"}],"wp:term":[{"taxonomy":"category","embeddable":true,"href":"https:\/\/agora.xtec.cat\/zercepdesis\/wp-json\/wp\/v2\/categories?post=3228"},{"taxonomy":"post_tag","embeddable":true,"href":"https:\/\/agora.xtec.cat\/zercepdesis\/wp-json\/wp\/v2\/tags?post=3228"}],"curies":[{"name":"wp","href":"https:\/\/api.w.org\/{rel}","templated":true}]}}