{"id":3211,"date":"2024-05-21T16:19:08","date_gmt":"2024-05-21T14:19:08","guid":{"rendered":"https:\/\/agora.xtec.cat\/zercepdesis\/?p=3211"},"modified":"2024-05-21T16:19:08","modified_gmt":"2024-05-21T14:19:08","slug":"ens-cuidem","status":"publish","type":"post","link":"https:\/\/agora.xtec.cat\/zercepdesis\/esc-mor\/ens-cuidem\/","title":{"rendered":"ENS CUIDEM?"},"content":{"rendered":"<p style=\"text-align: justify;\">A la nostra escola l&#8217;educaci\u00f3 f\u00edsica no es fa tan sols al pati o al gimn\u00e0s. La setmana passada vam treballar un \u00e0lbum il\u00b7lustrat que es titula &#8220;Jo vaig amb mi&#8221;. Vam reflexionar sobre el fet de &#8220;canviar per agradar als altres&#8221;. A partir d&#8217;aqu\u00ed vam seguir parlant sobre si durant les sessions d&#8217;educaci\u00f3 f\u00edsica tots i totes ens respectem tal i com som en tot moment, i si valorem les habilitats de tots i cadascun dels membres del grup. Vam arribar a la conclusi\u00f3 de que no, que quan creem equips en molts casos sense adonar-nos-en discriminem a la gent. Aix\u00ed doncs, vam crear un dec\u00e0leg entre totes i tots per poder crear grups de manera justa durant les estones d&#8217;educaci\u00f3 f\u00edsica. Des de que hem pres aquesta mesura les sessions funcionen molt b\u00e9 i estem molt contentes i contentes.<\/p>\n<p><a href=\"https:\/\/agora.xtec.cat\/zercepdesis\/wp-content\/uploads\/usu2412\/2024\/05\/20240507_154323-scaled.jpg\"><img loading=\"lazy\" decoding=\"async\" class=\"alignnone size-large wp-image-3212\" src=\"https:\/\/agora.xtec.cat\/zercepdesis\/wp-content\/uploads\/usu2412\/2024\/05\/20240507_154323-1024x461.jpg\" alt=\"\" width=\"1024\" height=\"461\" srcset=\"https:\/\/agora.xtec.cat\/zercepdesis\/wp-content\/uploads\/usu2412\/2024\/05\/20240507_154323-1024x461.jpg 1024w, https:\/\/agora.xtec.cat\/zercepdesis\/wp-content\/uploads\/usu2412\/2024\/05\/20240507_154323-300x135.jpg 300w, https:\/\/agora.xtec.cat\/zercepdesis\/wp-content\/uploads\/usu2412\/2024\/05\/20240507_154323-768x346.jpg 768w, https:\/\/agora.xtec.cat\/zercepdesis\/wp-content\/uploads\/usu2412\/2024\/05\/20240507_154323-1536x691.jpg 1536w, https:\/\/agora.xtec.cat\/zercepdesis\/wp-content\/uploads\/usu2412\/2024\/05\/20240507_154323-2048x922.jpg 2048w\" sizes=\"auto, (max-width: 1024px) 100vw, 1024px\" \/><\/a><\/p>\n<p>&nbsp;<\/p>\n","protected":false},"excerpt":{"rendered":"<p>A la nostra escola l&#8217;educaci\u00f3 f\u00edsica no es fa tan sols al pati o al gimn\u00e0s. La setmana passada vam treballar un \u00e0lbum il\u00b7lustrat que es titula &#8220;Jo vaig amb mi&#8221;. Vam reflexionar sobre el fet de &#8220;canviar per agradar als altres&#8221;. A partir d&#8217;aqu\u00ed&hellip;  <a href=\"https:\/\/agora.xtec.cat\/zercepdesis\/esc-mor\/ens-cuidem\/\" title=\"Read ENS CUIDEM?\">Llegeix m\u00e9s\u00bb<\/a><\/p>\n","protected":false},"author":1,"featured_media":0,"comment_status":"open","ping_status":"closed","sticky":false,"template":"","format":"standard","meta":{"_bbp_topic_count":0,"_bbp_reply_count":0,"_bbp_total_topic_count":0,"_bbp_total_reply_count":0,"_bbp_voice_count":0,"_bbp_anonymous_reply_count":0,"_bbp_topic_count_hidden":0,"_bbp_reply_count_hidden":0,"_bbp_forum_subforum_count":0,"footnotes":""},"categories":[250,121],"tags":[253,254,196],"class_list":["post-3211","post","type-post","status-publish","format-standard","hentry","category-curs-2023-2024-sf-esc-mor","category-esc-mor","tag-curs-2023-2024-sf","tag-el-rusc-classe-gran","tag-escola-les-moreres"],"post_mailing_queue_ids":[],"_links":{"self":[{"href":"https:\/\/agora.xtec.cat\/zercepdesis\/wp-json\/wp\/v2\/posts\/3211","targetHints":{"allow":["GET"]}}],"collection":[{"href":"https:\/\/agora.xtec.cat\/zercepdesis\/wp-json\/wp\/v2\/posts"}],"about":[{"href":"https:\/\/agora.xtec.cat\/zercepdesis\/wp-json\/wp\/v2\/types\/post"}],"author":[{"embeddable":true,"href":"https:\/\/agora.xtec.cat\/zercepdesis\/wp-json\/wp\/v2\/users\/1"}],"replies":[{"embeddable":true,"href":"https:\/\/agora.xtec.cat\/zercepdesis\/wp-json\/wp\/v2\/comments?post=3211"}],"version-history":[{"count":1,"href":"https:\/\/agora.xtec.cat\/zercepdesis\/wp-json\/wp\/v2\/posts\/3211\/revisions"}],"predecessor-version":[{"id":3213,"href":"https:\/\/agora.xtec.cat\/zercepdesis\/wp-json\/wp\/v2\/posts\/3211\/revisions\/3213"}],"wp:attachment":[{"href":"https:\/\/agora.xtec.cat\/zercepdesis\/wp-json\/wp\/v2\/media?parent=3211"}],"wp:term":[{"taxonomy":"category","embeddable":true,"href":"https:\/\/agora.xtec.cat\/zercepdesis\/wp-json\/wp\/v2\/categories?post=3211"},{"taxonomy":"post_tag","embeddable":true,"href":"https:\/\/agora.xtec.cat\/zercepdesis\/wp-json\/wp\/v2\/tags?post=3211"}],"curies":[{"name":"wp","href":"https:\/\/api.w.org\/{rel}","templated":true}]}}