{"id":3152,"date":"2024-03-06T12:49:09","date_gmt":"2024-03-06T11:49:09","guid":{"rendered":"https:\/\/agora.xtec.cat\/zercepdesis\/?p=3152"},"modified":"2024-03-06T12:50:05","modified_gmt":"2024-03-06T11:50:05","slug":"cabana-de-vimet","status":"publish","type":"post","link":"https:\/\/agora.xtec.cat\/zercepdesis\/esc-viro\/cabana-de-vimet\/","title":{"rendered":"CABANA DE V\u00cdMET"},"content":{"rendered":"<p>Ja fa gaireb\u00e9 dues setmanes que els infants gaudeixen de la cabana de v\u00edmet al pati de l&#8217;escola!<\/p>\n<p>Els encanta travessar-la, gaudir de l&#8217;ombra que ens regala, anar de portar a porta, d&#8217;altres s&#8217;amaguen esperant que no els trobin i fins i tot alguns treuen el cap per la finestra per veure els infants de fora.<\/p>\n<p>Volem agrair la col\u00b7laboraci\u00f3 de la Cooperativa Voltes pel disseny i tot l&#8217;acompanyament que ens han fet durant les tres jornades que han estat a l&#8217;escola!<\/p>\n<p><a href=\"https:\/\/agora.xtec.cat\/zercepdesis\/wp-content\/uploads\/usu2412\/2024\/03\/LA-CABANA-DE-VIMET.png\"><img loading=\"lazy\" decoding=\"async\" class=\"size-full wp-image-3153 aligncenter\" src=\"https:\/\/agora.xtec.cat\/zercepdesis\/wp-content\/uploads\/usu2412\/2024\/03\/LA-CABANA-DE-VIMET.png\" alt=\"\" width=\"602\" height=\"562\" srcset=\"https:\/\/agora.xtec.cat\/zercepdesis\/wp-content\/uploads\/usu2412\/2024\/03\/LA-CABANA-DE-VIMET.png 602w, https:\/\/agora.xtec.cat\/zercepdesis\/wp-content\/uploads\/usu2412\/2024\/03\/LA-CABANA-DE-VIMET-300x280.png 300w\" sizes=\"auto, (max-width: 602px) 100vw, 602px\" \/><\/a><\/p>\n<p>&nbsp;<\/p>\n","protected":false},"excerpt":{"rendered":"<p>Ja fa gaireb\u00e9 dues setmanes que els infants gaudeixen de la cabana de v\u00edmet al pati de l&#8217;escola!<br \/>\nEls encanta travessar-la, gaudir de l&#8217;ombra que ens regala, anar de portar a porta, d&#8217;altres s&#8217;amaguen esperant que no els trobin i fins i tot alguns treuen el&hellip;  <a href=\"https:\/\/agora.xtec.cat\/zercepdesis\/esc-viro\/cabana-de-vimet\/\" title=\"Read CABANA DE V\u00cdMET\">Llegeix m\u00e9s\u00bb<\/a><\/p>\n","protected":false},"author":1,"featured_media":0,"comment_status":"open","ping_status":"closed","sticky":false,"template":"","format":"standard","meta":{"_bbp_topic_count":0,"_bbp_reply_count":0,"_bbp_total_topic_count":0,"_bbp_total_reply_count":0,"_bbp_voice_count":0,"_bbp_anonymous_reply_count":0,"_bbp_topic_count_hidden":0,"_bbp_reply_count_hidden":0,"_bbp_forum_subforum_count":0,"footnotes":""},"categories":[241,136],"tags":[],"class_list":["post-3152","post","type-post","status-publish","format-standard","hentry","category-curs-2023-2024-pu","category-esc-viro"],"post_mailing_queue_ids":[],"_links":{"self":[{"href":"https:\/\/agora.xtec.cat\/zercepdesis\/wp-json\/wp\/v2\/posts\/3152","targetHints":{"allow":["GET"]}}],"collection":[{"href":"https:\/\/agora.xtec.cat\/zercepdesis\/wp-json\/wp\/v2\/posts"}],"about":[{"href":"https:\/\/agora.xtec.cat\/zercepdesis\/wp-json\/wp\/v2\/types\/post"}],"author":[{"embeddable":true,"href":"https:\/\/agora.xtec.cat\/zercepdesis\/wp-json\/wp\/v2\/users\/1"}],"replies":[{"embeddable":true,"href":"https:\/\/agora.xtec.cat\/zercepdesis\/wp-json\/wp\/v2\/comments?post=3152"}],"version-history":[{"count":2,"href":"https:\/\/agora.xtec.cat\/zercepdesis\/wp-json\/wp\/v2\/posts\/3152\/revisions"}],"predecessor-version":[{"id":3155,"href":"https:\/\/agora.xtec.cat\/zercepdesis\/wp-json\/wp\/v2\/posts\/3152\/revisions\/3155"}],"wp:attachment":[{"href":"https:\/\/agora.xtec.cat\/zercepdesis\/wp-json\/wp\/v2\/media?parent=3152"}],"wp:term":[{"taxonomy":"category","embeddable":true,"href":"https:\/\/agora.xtec.cat\/zercepdesis\/wp-json\/wp\/v2\/categories?post=3152"},{"taxonomy":"post_tag","embeddable":true,"href":"https:\/\/agora.xtec.cat\/zercepdesis\/wp-json\/wp\/v2\/tags?post=3152"}],"curies":[{"name":"wp","href":"https:\/\/api.w.org\/{rel}","templated":true}]}}