{"id":3149,"date":"2024-02-28T12:51:04","date_gmt":"2024-02-28T11:51:04","guid":{"rendered":"https:\/\/agora.xtec.cat\/zercepdesis\/?p=3149"},"modified":"2024-02-28T12:51:39","modified_gmt":"2024-02-28T11:51:39","slug":"la-sequera","status":"publish","type":"post","link":"https:\/\/agora.xtec.cat\/zercepdesis\/esc-viro\/la-sequera\/","title":{"rendered":"LA SEQUERA"},"content":{"rendered":"<p>En els darrers anys, hem estat testimonis de l\u2019increment de la freq\u00fc\u00e8ncia i la intensitat dels fen\u00f2mens de\u00a0sequera\u00a0en moltes regions del m\u00f3n, inclosa la nostra.<\/p>\n<p>Aquesta preocupant realitat ens recorda la import\u00e0ncia crucial de gestionar de manera eficient els\u00a0recursos h\u00eddrics\u00a0i de fomentar la\u00a0consci\u00e8ncia ambiental des de les primeres etapes de la vida. Per tant, \u00e9s essencial que eduquem i involucrem\u00a0el nostre alumnat en la\u00a0comprensi\u00f3\u00a0d\u2019aquesta problem\u00e0tica i en la recerca de\u00a0solucions sostenibles.<\/p>\n<p>L&#8217;alumnat de cicle superior ha animat a la resta de l&#8217;escola a calcular quanta aigua consumim a l&#8217;escola durant una setmana i entre tota l&#8217;escola buscarem maneres per poder-la aprofitar b\u00e9.<\/p>\n<p><a href=\"https:\/\/agora.xtec.cat\/zercepdesis\/wp-content\/uploads\/usu2412\/2024\/02\/ENTRADES-WEB-2023-2024-9.jpg\"><img loading=\"lazy\" decoding=\"async\" class=\"wp-image-3150 aligncenter\" src=\"https:\/\/agora.xtec.cat\/zercepdesis\/wp-content\/uploads\/usu2412\/2024\/02\/ENTRADES-WEB-2023-2024-9-724x1024.jpg\" alt=\"\" width=\"573\" height=\"810\" srcset=\"https:\/\/agora.xtec.cat\/zercepdesis\/wp-content\/uploads\/usu2412\/2024\/02\/ENTRADES-WEB-2023-2024-9-724x1024.jpg 724w, https:\/\/agora.xtec.cat\/zercepdesis\/wp-content\/uploads\/usu2412\/2024\/02\/ENTRADES-WEB-2023-2024-9-212x300.jpg 212w, https:\/\/agora.xtec.cat\/zercepdesis\/wp-content\/uploads\/usu2412\/2024\/02\/ENTRADES-WEB-2023-2024-9-768x1086.jpg 768w, https:\/\/agora.xtec.cat\/zercepdesis\/wp-content\/uploads\/usu2412\/2024\/02\/ENTRADES-WEB-2023-2024-9-1086x1536.jpg 1086w, https:\/\/agora.xtec.cat\/zercepdesis\/wp-content\/uploads\/usu2412\/2024\/02\/ENTRADES-WEB-2023-2024-9.jpg 1414w\" sizes=\"auto, (max-width: 573px) 100vw, 573px\" \/><\/a><\/p>\n<p>&nbsp;<\/p>\n<p>&nbsp;<\/p>\n","protected":false},"excerpt":{"rendered":"<p>En els darrers anys, hem estat testimonis de l\u2019increment de la freq\u00fc\u00e8ncia i la intensitat dels fen\u00f2mens de\u00a0sequera\u00a0en moltes regions del m\u00f3n, inclosa la nostra.<br \/>\nAquesta preocupant realitat ens recorda la import\u00e0ncia crucial de gestionar de manera eficient els\u00a0recursos h\u00eddrics\u00a0i de fomentar la\u00a0consci\u00e8ncia ambiental des de&hellip;  <a href=\"https:\/\/agora.xtec.cat\/zercepdesis\/esc-viro\/la-sequera\/\" title=\"Read LA SEQUERA\">Llegeix m\u00e9s\u00bb<\/a><\/p>\n","protected":false},"author":1,"featured_media":0,"comment_status":"open","ping_status":"closed","sticky":false,"template":"","format":"standard","meta":{"_bbp_topic_count":0,"_bbp_reply_count":0,"_bbp_total_topic_count":0,"_bbp_total_reply_count":0,"_bbp_voice_count":0,"_bbp_anonymous_reply_count":0,"_bbp_topic_count_hidden":0,"_bbp_reply_count_hidden":0,"_bbp_forum_subforum_count":0,"footnotes":""},"categories":[241,136],"tags":[],"class_list":["post-3149","post","type-post","status-publish","format-standard","hentry","category-curs-2023-2024-pu","category-esc-viro"],"post_mailing_queue_ids":[],"_links":{"self":[{"href":"https:\/\/agora.xtec.cat\/zercepdesis\/wp-json\/wp\/v2\/posts\/3149","targetHints":{"allow":["GET"]}}],"collection":[{"href":"https:\/\/agora.xtec.cat\/zercepdesis\/wp-json\/wp\/v2\/posts"}],"about":[{"href":"https:\/\/agora.xtec.cat\/zercepdesis\/wp-json\/wp\/v2\/types\/post"}],"author":[{"embeddable":true,"href":"https:\/\/agora.xtec.cat\/zercepdesis\/wp-json\/wp\/v2\/users\/1"}],"replies":[{"embeddable":true,"href":"https:\/\/agora.xtec.cat\/zercepdesis\/wp-json\/wp\/v2\/comments?post=3149"}],"version-history":[{"count":1,"href":"https:\/\/agora.xtec.cat\/zercepdesis\/wp-json\/wp\/v2\/posts\/3149\/revisions"}],"predecessor-version":[{"id":3151,"href":"https:\/\/agora.xtec.cat\/zercepdesis\/wp-json\/wp\/v2\/posts\/3149\/revisions\/3151"}],"wp:attachment":[{"href":"https:\/\/agora.xtec.cat\/zercepdesis\/wp-json\/wp\/v2\/media?parent=3149"}],"wp:term":[{"taxonomy":"category","embeddable":true,"href":"https:\/\/agora.xtec.cat\/zercepdesis\/wp-json\/wp\/v2\/categories?post=3149"},{"taxonomy":"post_tag","embeddable":true,"href":"https:\/\/agora.xtec.cat\/zercepdesis\/wp-json\/wp\/v2\/tags?post=3149"}],"curies":[{"name":"wp","href":"https:\/\/api.w.org\/{rel}","templated":true}]}}