{"id":3092,"date":"2024-01-31T13:04:53","date_gmt":"2024-01-31T12:04:53","guid":{"rendered":"https:\/\/agora.xtec.cat\/zercepdesis\/?p=3092"},"modified":"2024-01-31T13:04:53","modified_gmt":"2024-01-31T12:04:53","slug":"30-de-gener-dia-de-la-pau","status":"publish","type":"post","link":"https:\/\/agora.xtec.cat\/zercepdesis\/esc-viro\/30-de-gener-dia-de-la-pau\/","title":{"rendered":"30 DE GENER, DIA DE LA PAU"},"content":{"rendered":"<p>El 30 de gener \u00e9s el\u00a0<strong>Dia Internacional de la Pau i la No Viol\u00e8ncia.\u00a0 <\/strong>Aquest dia es commemora la mort de\u00a0<strong>Mahatma Gandhi<\/strong>\u00a0l\u00edder nacional i espiritual de l\u2019\u00cdndia, assassinat a trets el 1948 per un integrista hind\u00fa.<\/p>\n<p>Aquest any a l&#8217;escola hem decidit treballar la <strong>Pau, la no viol\u00e8ncia, la resoluci\u00f3 de conflictes i la conviv\u00e8ncia<\/strong> a trav\u00e9s de la nostra comunicaci\u00f3, que aquesta pot ser <strong>assertiva o no assertiva<\/strong>.<\/p>\n<p>Cada grup classe hem dut a terme din\u00e0miques que ens han ajudat a reflexionar sobre aquesta comunicaci\u00f3 i com influeix en la resoluci\u00f3 de qualsevol situaci\u00f3 del nostre dia a dia. Ahir, cada classe vam compartir tot all\u00f2 que hav\u00edem apr\u00e8s davant de la resta de l&#8217;escola.<\/p>\n<p>A la tarda, vam dibuixar-nos les nostres mans i les hem penjat a les finestres de l&#8217;escola com a s\u00edmbol\u00a0 i comprom\u00eds que tots hem d&#8217;aportar el nostre granet de sorra per aconseguir un clima tranquil i de pau. Est\u00e0 a les nostres mans, fer aquest canvi de mirada i aposar per una comunicaci\u00f3 m\u00e9s assertiva.<\/p>\n<p><a href=\"https:\/\/agora.xtec.cat\/zercepdesis\/wp-content\/uploads\/usu2412\/2024\/01\/ENTRADES-WEB-2023-2024-3.jpg\"><img loading=\"lazy\" decoding=\"async\" class=\" wp-image-3094 aligncenter\" src=\"https:\/\/agora.xtec.cat\/zercepdesis\/wp-content\/uploads\/usu2412\/2024\/01\/ENTRADES-WEB-2023-2024-3-724x1024.jpg\" alt=\"\" width=\"550\" height=\"778\" srcset=\"https:\/\/agora.xtec.cat\/zercepdesis\/wp-content\/uploads\/usu2412\/2024\/01\/ENTRADES-WEB-2023-2024-3-724x1024.jpg 724w, https:\/\/agora.xtec.cat\/zercepdesis\/wp-content\/uploads\/usu2412\/2024\/01\/ENTRADES-WEB-2023-2024-3-212x300.jpg 212w, https:\/\/agora.xtec.cat\/zercepdesis\/wp-content\/uploads\/usu2412\/2024\/01\/ENTRADES-WEB-2023-2024-3-768x1086.jpg 768w, https:\/\/agora.xtec.cat\/zercepdesis\/wp-content\/uploads\/usu2412\/2024\/01\/ENTRADES-WEB-2023-2024-3-1086x1536.jpg 1086w, https:\/\/agora.xtec.cat\/zercepdesis\/wp-content\/uploads\/usu2412\/2024\/01\/ENTRADES-WEB-2023-2024-3.jpg 1414w\" sizes=\"auto, (max-width: 550px) 100vw, 550px\" \/><\/a><\/p>\n","protected":false},"excerpt":{"rendered":"<p>El 30 de gener \u00e9s el\u00a0Dia Internacional de la Pau i la No Viol\u00e8ncia.\u00a0 Aquest dia es commemora la mort de\u00a0Mahatma Gandhi\u00a0l\u00edder nacional i espiritual de l\u2019\u00cdndia, assassinat a trets el 1948 per un integrista hind\u00fa.<br \/>\nAquest any a l&#8217;escola hem decidit treballar la Pau, la&hellip;  <a href=\"https:\/\/agora.xtec.cat\/zercepdesis\/esc-viro\/30-de-gener-dia-de-la-pau\/\" title=\"Read 30 DE GENER, DIA DE LA PAU\">Llegeix m\u00e9s\u00bb<\/a><\/p>\n","protected":false},"author":1,"featured_media":0,"comment_status":"open","ping_status":"closed","sticky":false,"template":"","format":"standard","meta":{"_bbp_topic_count":0,"_bbp_reply_count":0,"_bbp_total_topic_count":0,"_bbp_total_reply_count":0,"_bbp_voice_count":0,"_bbp_anonymous_reply_count":0,"_bbp_topic_count_hidden":0,"_bbp_reply_count_hidden":0,"_bbp_forum_subforum_count":0,"footnotes":""},"categories":[241,136],"tags":[194],"class_list":["post-3092","post","type-post","status-publish","format-standard","hentry","category-curs-2023-2024-pu","category-esc-viro","tag-escola-virolai"],"post_mailing_queue_ids":[],"_links":{"self":[{"href":"https:\/\/agora.xtec.cat\/zercepdesis\/wp-json\/wp\/v2\/posts\/3092","targetHints":{"allow":["GET"]}}],"collection":[{"href":"https:\/\/agora.xtec.cat\/zercepdesis\/wp-json\/wp\/v2\/posts"}],"about":[{"href":"https:\/\/agora.xtec.cat\/zercepdesis\/wp-json\/wp\/v2\/types\/post"}],"author":[{"embeddable":true,"href":"https:\/\/agora.xtec.cat\/zercepdesis\/wp-json\/wp\/v2\/users\/1"}],"replies":[{"embeddable":true,"href":"https:\/\/agora.xtec.cat\/zercepdesis\/wp-json\/wp\/v2\/comments?post=3092"}],"version-history":[{"count":1,"href":"https:\/\/agora.xtec.cat\/zercepdesis\/wp-json\/wp\/v2\/posts\/3092\/revisions"}],"predecessor-version":[{"id":3095,"href":"https:\/\/agora.xtec.cat\/zercepdesis\/wp-json\/wp\/v2\/posts\/3092\/revisions\/3095"}],"wp:attachment":[{"href":"https:\/\/agora.xtec.cat\/zercepdesis\/wp-json\/wp\/v2\/media?parent=3092"}],"wp:term":[{"taxonomy":"category","embeddable":true,"href":"https:\/\/agora.xtec.cat\/zercepdesis\/wp-json\/wp\/v2\/categories?post=3092"},{"taxonomy":"post_tag","embeddable":true,"href":"https:\/\/agora.xtec.cat\/zercepdesis\/wp-json\/wp\/v2\/tags?post=3092"}],"curies":[{"name":"wp","href":"https:\/\/api.w.org\/{rel}","templated":true}]}}