{"id":3088,"date":"2024-01-31T12:47:34","date_gmt":"2024-01-31T11:47:34","guid":{"rendered":"https:\/\/agora.xtec.cat\/zercepdesis\/?p=3088"},"modified":"2024-01-31T12:47:34","modified_gmt":"2024-01-31T11:47:34","slug":"jornada-families","status":"publish","type":"post","link":"https:\/\/agora.xtec.cat\/zercepdesis\/esc-viro\/jornada-families\/","title":{"rendered":"JORNADA FAM\u00cdLIES"},"content":{"rendered":"<p>Fa uns mesos vam realitzar una jornada amb les fam\u00edlies per tal d&#8217;avan\u00e7ar en el projecte del pati. Aquesta primera fase va ser un \u00e8xit i els infants estan gaudint de tot all\u00f2 que s&#8217;ha creat i modificat.\u00a0Les seves paraules i els dibuixos resumeixen molt b\u00e9 qu\u00e8 va suposar aquesta jornada: &#8221; Ens va fer molta il\u00b7lusi\u00f3 quan vam entrar per primera vegada elpati. Quan vam entrar hi havien 4 cuinetes noves, el p\u00e0rquing de patinets i bicicletes estava arreglat. I les pedres al costat dels arbres quedaven molt boniques.&#8221;<\/p>\n<p>I Uns dies despr\u00e9s ens va arribar una estructura per fer acrob\u00e0cies!<\/p>\n<p><a href=\"https:\/\/agora.xtec.cat\/zercepdesis\/wp-content\/uploads\/usu2412\/2024\/01\/ENTRADES-WEB-2023-2024-1-1.jpg\"><img loading=\"lazy\" decoding=\"async\" class=\"alignnone size-large wp-image-3090\" src=\"https:\/\/agora.xtec.cat\/zercepdesis\/wp-content\/uploads\/usu2412\/2024\/01\/ENTRADES-WEB-2023-2024-1-1-724x1024.jpg\" alt=\"\" width=\"724\" height=\"1024\" srcset=\"https:\/\/agora.xtec.cat\/zercepdesis\/wp-content\/uploads\/usu2412\/2024\/01\/ENTRADES-WEB-2023-2024-1-1-724x1024.jpg 724w, https:\/\/agora.xtec.cat\/zercepdesis\/wp-content\/uploads\/usu2412\/2024\/01\/ENTRADES-WEB-2023-2024-1-1-212x300.jpg 212w, https:\/\/agora.xtec.cat\/zercepdesis\/wp-content\/uploads\/usu2412\/2024\/01\/ENTRADES-WEB-2023-2024-1-1-768x1086.jpg 768w, https:\/\/agora.xtec.cat\/zercepdesis\/wp-content\/uploads\/usu2412\/2024\/01\/ENTRADES-WEB-2023-2024-1-1-1086x1536.jpg 1086w, https:\/\/agora.xtec.cat\/zercepdesis\/wp-content\/uploads\/usu2412\/2024\/01\/ENTRADES-WEB-2023-2024-1-1.jpg 1414w\" sizes=\"auto, (max-width: 724px) 100vw, 724px\" \/><\/a><\/p>\n<p>Per\u00f2, el projecte de pati t\u00e9 una altra fase, que la farem realitat al llarg del segon trimestre. Aquesta consisteix en crear un t\u00fanel vegetal, per tal de poder construir aquest t\u00fanel ens ajudar\u00e0 l&#8217;empresa Voltes Cooperativa d&#8217;arquitectura. Fem una crida a totes les fam\u00edlies que ens volen tornar ajudar els seg\u00fcents caps de setmana:<\/p>\n<ul>\n<li>Es far\u00e0 una primera jornada el <strong>dissabte 17 de febrer de 10 a 14h<\/strong>, on cavarem les rases. <strong><img decoding=\"async\" class=\"an1 CToWUd\" src=\"https:\/\/fonts.gstatic.com\/s\/e\/notoemoji\/15.0\/26cf_fe0f\/32.png\" alt=\"\u26cf\ufe0f\" data-emoji=\"\u26cf\ufe0f\" aria-label=\"\u26cf\ufe0f\" data-bit=\"iit\" \/><img decoding=\"async\" class=\"an1 CToWUd\" src=\"https:\/\/fonts.gstatic.com\/s\/e\/notoemoji\/15.0\/1faa8\/32.png\" alt=\"\ud83e\udea8\" data-emoji=\"\ud83e\udea8\" aria-label=\"\ud83e\udea8\" data-bit=\"iit\" \/><\/strong>Es necessitaran for\u00e7a mans! Voltes portar\u00e0 material, per\u00f2 si teniu pales i pics (mida adults i mida infants) i algun carret\u00f3, aniria b\u00e9.<\/li>\n<li>La segona jornada ser\u00e0 <strong>dissabte 24 de febrer de 10 a 14<\/strong>. Aquell dia trenarem el v\u00edmet. \u00c9s una feina molt agra\u00efda i sembla que addictiva!<\/li>\n<\/ul>\n<p>Un cop tinguem fetes les jornades amb les fam\u00edlies, els infants construiran l&#8217;estructura de la cabana.<\/p>\n<ul>\n<li><strong>Dijous 22 de febrer<\/strong>, Voltes vindr\u00e0 amb un cistellaire a muntar l&#8217;estructura de la cabana perqu\u00e8 el dissabte 24 estigui preparada per trenar. Ser\u00e0 una sessi\u00f3 interna de l&#8217;escola on nenes i nens de cada grup passaran a veure la feina i a con\u00e8ixer m\u00e9s sobre el v\u00edmet.<\/li>\n<\/ul>\n<div>\n<div><\/div>\n<div>Us esperem a totes i tots amb pics i pales al pati de l&#8217;escola!\u00a0<img decoding=\"async\" class=\"an1 CToWUd\" src=\"https:\/\/fonts.gstatic.com\/s\/e\/notoemoji\/15.0\/1f4aa_1f3fc\/32.png\" alt=\"\ud83d\udcaa\ud83c\udffc\" data-emoji=\"\ud83d\udcaa\ud83c\udffc\" aria-label=\"\ud83d\udcaa\ud83c\udffc\" data-bit=\"iit\" \/><\/div>\n<\/div>\n","protected":false},"excerpt":{"rendered":"<p>Fa uns mesos vam realitzar una jornada amb les fam\u00edlies per tal d&#8217;avan\u00e7ar en el projecte del pati. Aquesta primera fase va ser un \u00e8xit i els infants estan gaudint de tot all\u00f2 que s&#8217;ha creat i modificat.\u00a0Les seves paraules i els dibuixos resumeixen molt&hellip;  <a href=\"https:\/\/agora.xtec.cat\/zercepdesis\/esc-viro\/jornada-families\/\" title=\"Read JORNADA FAM\u00cdLIES\">Llegeix m\u00e9s\u00bb<\/a><\/p>\n","protected":false},"author":1,"featured_media":0,"comment_status":"open","ping_status":"closed","sticky":false,"template":"","format":"standard","meta":{"_bbp_topic_count":0,"_bbp_reply_count":0,"_bbp_total_topic_count":0,"_bbp_total_reply_count":0,"_bbp_voice_count":0,"_bbp_anonymous_reply_count":0,"_bbp_topic_count_hidden":0,"_bbp_reply_count_hidden":0,"_bbp_forum_subforum_count":0,"footnotes":""},"categories":[241,136],"tags":[194],"class_list":["post-3088","post","type-post","status-publish","format-standard","hentry","category-curs-2023-2024-pu","category-esc-viro","tag-escola-virolai"],"post_mailing_queue_ids":[],"_links":{"self":[{"href":"https:\/\/agora.xtec.cat\/zercepdesis\/wp-json\/wp\/v2\/posts\/3088","targetHints":{"allow":["GET"]}}],"collection":[{"href":"https:\/\/agora.xtec.cat\/zercepdesis\/wp-json\/wp\/v2\/posts"}],"about":[{"href":"https:\/\/agora.xtec.cat\/zercepdesis\/wp-json\/wp\/v2\/types\/post"}],"author":[{"embeddable":true,"href":"https:\/\/agora.xtec.cat\/zercepdesis\/wp-json\/wp\/v2\/users\/1"}],"replies":[{"embeddable":true,"href":"https:\/\/agora.xtec.cat\/zercepdesis\/wp-json\/wp\/v2\/comments?post=3088"}],"version-history":[{"count":2,"href":"https:\/\/agora.xtec.cat\/zercepdesis\/wp-json\/wp\/v2\/posts\/3088\/revisions"}],"predecessor-version":[{"id":3091,"href":"https:\/\/agora.xtec.cat\/zercepdesis\/wp-json\/wp\/v2\/posts\/3088\/revisions\/3091"}],"wp:attachment":[{"href":"https:\/\/agora.xtec.cat\/zercepdesis\/wp-json\/wp\/v2\/media?parent=3088"}],"wp:term":[{"taxonomy":"category","embeddable":true,"href":"https:\/\/agora.xtec.cat\/zercepdesis\/wp-json\/wp\/v2\/categories?post=3088"},{"taxonomy":"post_tag","embeddable":true,"href":"https:\/\/agora.xtec.cat\/zercepdesis\/wp-json\/wp\/v2\/tags?post=3088"}],"curies":[{"name":"wp","href":"https:\/\/api.w.org\/{rel}","templated":true}]}}