{"id":3071,"date":"2024-01-17T22:05:31","date_gmt":"2024-01-17T21:05:31","guid":{"rendered":"https:\/\/agora.xtec.cat\/zercepdesis\/?p=3071"},"modified":"2024-01-17T22:05:31","modified_gmt":"2024-01-17T21:05:31","slug":"llucies","status":"publish","type":"post","link":"https:\/\/agora.xtec.cat\/zercepdesis\/esc-viro\/llucies\/","title":{"rendered":"LL\u00daCIES"},"content":{"rendered":"<p>El dia 13 de desembre \u00e9s Santa LL\u00facia.<\/p>\n<p>La tradici\u00f3 de l\u2019escola \u00e9s que tot l\u2019alumnat cantem can\u00e7ons pel poble. Aquest any com a novetat vam cantar can\u00e7ons de la cantata del &#8220;Petit Avet&#8221;. Ens va agradar molt poder reviure el concert de Nadal que vam fer a l&#8217;Auditori de Vilafranca del Pened\u00e8s.<\/p>\n<p>Un cop vam acabar les can\u00e7ons, vam dur a terme una recollida de productes. Estem molt contents de la col\u00b7laboraci\u00f3 del poble, gr\u00e0cies aquest menjar, productes de neteja i varis s&#8217;han ajudat a persones que ho necessiten.<\/p>\n<p>Volem agrair a totes les fam\u00edlies i habitants del poble per la vostra generositat.<\/p>\n<p><a href=\"https:\/\/agora.xtec.cat\/zercepdesis\/wp-content\/uploads\/usu2412\/2024\/01\/WhatsApp-Image-2024-01-17-at-22.02.18.jpeg\"><img loading=\"lazy\" decoding=\"async\" class=\"alignnone  wp-image-3077\" src=\"https:\/\/agora.xtec.cat\/zercepdesis\/wp-content\/uploads\/usu2412\/2024\/01\/WhatsApp-Image-2024-01-17-at-22.02.18-1024x768.jpeg\" alt=\"\" width=\"414\" height=\"310\" srcset=\"https:\/\/agora.xtec.cat\/zercepdesis\/wp-content\/uploads\/usu2412\/2024\/01\/WhatsApp-Image-2024-01-17-at-22.02.18-1024x768.jpeg 1024w, https:\/\/agora.xtec.cat\/zercepdesis\/wp-content\/uploads\/usu2412\/2024\/01\/WhatsApp-Image-2024-01-17-at-22.02.18-300x225.jpeg 300w, https:\/\/agora.xtec.cat\/zercepdesis\/wp-content\/uploads\/usu2412\/2024\/01\/WhatsApp-Image-2024-01-17-at-22.02.18-768x576.jpeg 768w, https:\/\/agora.xtec.cat\/zercepdesis\/wp-content\/uploads\/usu2412\/2024\/01\/WhatsApp-Image-2024-01-17-at-22.02.18-1536x1152.jpeg 1536w, https:\/\/agora.xtec.cat\/zercepdesis\/wp-content\/uploads\/usu2412\/2024\/01\/WhatsApp-Image-2024-01-17-at-22.02.18-200x150.jpeg 200w, https:\/\/agora.xtec.cat\/zercepdesis\/wp-content\/uploads\/usu2412\/2024\/01\/WhatsApp-Image-2024-01-17-at-22.02.18.jpeg 1600w\" sizes=\"auto, (max-width: 414px) 100vw, 414px\" \/> \u00a0 <\/a><a href=\"https:\/\/agora.xtec.cat\/zercepdesis\/wp-content\/uploads\/usu2412\/2024\/01\/WhatsApp-Image-2024-01-17-at-22.02.17.jpeg\"><img loading=\"lazy\" decoding=\"async\" class=\"alignnone  wp-image-3078\" src=\"https:\/\/agora.xtec.cat\/zercepdesis\/wp-content\/uploads\/usu2412\/2024\/01\/WhatsApp-Image-2024-01-17-at-22.02.17-1024x768.jpeg\" alt=\"\" width=\"412\" height=\"309\" srcset=\"https:\/\/agora.xtec.cat\/zercepdesis\/wp-content\/uploads\/usu2412\/2024\/01\/WhatsApp-Image-2024-01-17-at-22.02.17-1024x768.jpeg 1024w, https:\/\/agora.xtec.cat\/zercepdesis\/wp-content\/uploads\/usu2412\/2024\/01\/WhatsApp-Image-2024-01-17-at-22.02.17-300x225.jpeg 300w, https:\/\/agora.xtec.cat\/zercepdesis\/wp-content\/uploads\/usu2412\/2024\/01\/WhatsApp-Image-2024-01-17-at-22.02.17-768x576.jpeg 768w, https:\/\/agora.xtec.cat\/zercepdesis\/wp-content\/uploads\/usu2412\/2024\/01\/WhatsApp-Image-2024-01-17-at-22.02.17-1536x1152.jpeg 1536w, https:\/\/agora.xtec.cat\/zercepdesis\/wp-content\/uploads\/usu2412\/2024\/01\/WhatsApp-Image-2024-01-17-at-22.02.17-200x150.jpeg 200w, https:\/\/agora.xtec.cat\/zercepdesis\/wp-content\/uploads\/usu2412\/2024\/01\/WhatsApp-Image-2024-01-17-at-22.02.17.jpeg 1600w\" sizes=\"auto, (max-width: 412px) 100vw, 412px\" \/><\/a><\/p>\n","protected":false},"excerpt":{"rendered":"<p>El dia 13 de desembre \u00e9s Santa LL\u00facia.<br \/>\nLa tradici\u00f3 de l\u2019escola \u00e9s que tot l\u2019alumnat cantem can\u00e7ons pel poble. Aquest any com a novetat vam cantar can\u00e7ons de la cantata del &#8220;Petit Avet&#8221;. Ens va agradar molt poder reviure el concert de Nadal que vam&hellip;  <a href=\"https:\/\/agora.xtec.cat\/zercepdesis\/esc-viro\/llucies\/\" title=\"Read LL\u00daCIES\">Llegeix m\u00e9s\u00bb<\/a><\/p>\n","protected":false},"author":1,"featured_media":0,"comment_status":"open","ping_status":"closed","sticky":false,"template":"","format":"standard","meta":{"_bbp_topic_count":0,"_bbp_reply_count":0,"_bbp_total_topic_count":0,"_bbp_total_reply_count":0,"_bbp_voice_count":0,"_bbp_anonymous_reply_count":0,"_bbp_topic_count_hidden":0,"_bbp_reply_count_hidden":0,"_bbp_forum_subforum_count":0,"footnotes":""},"categories":[241,136],"tags":[247,246,248,249],"class_list":["post-3071","post","type-post","status-publish","format-standard","hentry","category-curs-2023-2024-pu","category-esc-viro","tag-classe-claquetes","tag-classe-crispetes","tag-classe-disney","tag-classe-marvel"],"post_mailing_queue_ids":[],"_links":{"self":[{"href":"https:\/\/agora.xtec.cat\/zercepdesis\/wp-json\/wp\/v2\/posts\/3071","targetHints":{"allow":["GET"]}}],"collection":[{"href":"https:\/\/agora.xtec.cat\/zercepdesis\/wp-json\/wp\/v2\/posts"}],"about":[{"href":"https:\/\/agora.xtec.cat\/zercepdesis\/wp-json\/wp\/v2\/types\/post"}],"author":[{"embeddable":true,"href":"https:\/\/agora.xtec.cat\/zercepdesis\/wp-json\/wp\/v2\/users\/1"}],"replies":[{"embeddable":true,"href":"https:\/\/agora.xtec.cat\/zercepdesis\/wp-json\/wp\/v2\/comments?post=3071"}],"version-history":[{"count":2,"href":"https:\/\/agora.xtec.cat\/zercepdesis\/wp-json\/wp\/v2\/posts\/3071\/revisions"}],"predecessor-version":[{"id":3079,"href":"https:\/\/agora.xtec.cat\/zercepdesis\/wp-json\/wp\/v2\/posts\/3071\/revisions\/3079"}],"wp:attachment":[{"href":"https:\/\/agora.xtec.cat\/zercepdesis\/wp-json\/wp\/v2\/media?parent=3071"}],"wp:term":[{"taxonomy":"category","embeddable":true,"href":"https:\/\/agora.xtec.cat\/zercepdesis\/wp-json\/wp\/v2\/categories?post=3071"},{"taxonomy":"post_tag","embeddable":true,"href":"https:\/\/agora.xtec.cat\/zercepdesis\/wp-json\/wp\/v2\/tags?post=3071"}],"curies":[{"name":"wp","href":"https:\/\/api.w.org\/{rel}","templated":true}]}}