{"id":3024,"date":"2023-11-03T09:24:12","date_gmt":"2023-11-03T08:24:12","guid":{"rendered":"https:\/\/agora.xtec.cat\/zercepdesis\/?p=3024"},"modified":"2023-11-03T09:24:12","modified_gmt":"2023-11-03T08:24:12","slug":"creem-un-pais","status":"publish","type":"post","link":"https:\/\/agora.xtec.cat\/zercepdesis\/esc-mor\/creem-un-pais\/","title":{"rendered":"CREEM UN PA\u00cdS!"},"content":{"rendered":"<p>Les nenes i els nenes de la classe gran hem iniciat el projecte del primer trimestre. Aquest consisteix en crear un pa\u00eds per posteriorment poder governar-lo.<\/p>\n<p>Hem dividit el territori en comunitats aut\u00f2nomes, prov\u00edncies, comarques i municipis, els quals tamb\u00e9 s\u00f3n inventats. Per definir la identitat del nostre pa\u00eds, hem escollit un himne, ens hem inventat dues tradicions, un plat tradicional i una bandera. Finalment n&#8217;hem calculat l&#8217;\u00e0rea, el per\u00edmetre i la densitat de poblaci\u00f3.<\/p>\n<p>Estem gaudint molt\u00edssim amb la creaci\u00f3! Perqu\u00e8&#8230;. per qu\u00e8 no pensar en un m\u00f3n ideal?<\/p>\n<p><a href=\"https:\/\/agora.xtec.cat\/zercepdesis\/wp-content\/uploads\/usu2412\/2023\/11\/20231023_094551-scaled.jpg\"><img loading=\"lazy\" decoding=\"async\" class=\"alignnone size-large wp-image-3025\" src=\"https:\/\/agora.xtec.cat\/zercepdesis\/wp-content\/uploads\/usu2412\/2023\/11\/20231023_094551-1024x461.jpg\" alt=\"\" width=\"1024\" height=\"461\" srcset=\"https:\/\/agora.xtec.cat\/zercepdesis\/wp-content\/uploads\/usu2412\/2023\/11\/20231023_094551-1024x461.jpg 1024w, https:\/\/agora.xtec.cat\/zercepdesis\/wp-content\/uploads\/usu2412\/2023\/11\/20231023_094551-300x135.jpg 300w, https:\/\/agora.xtec.cat\/zercepdesis\/wp-content\/uploads\/usu2412\/2023\/11\/20231023_094551-768x346.jpg 768w, https:\/\/agora.xtec.cat\/zercepdesis\/wp-content\/uploads\/usu2412\/2023\/11\/20231023_094551-1536x691.jpg 1536w, https:\/\/agora.xtec.cat\/zercepdesis\/wp-content\/uploads\/usu2412\/2023\/11\/20231023_094551-2048x922.jpg 2048w\" sizes=\"auto, (max-width: 1024px) 100vw, 1024px\" \/><\/a><\/p>\n<p>&nbsp;<\/p>\n","protected":false},"excerpt":{"rendered":"<p>Les nenes i els nenes de la classe gran hem iniciat el projecte del primer trimestre. Aquest consisteix en crear un pa\u00eds per posteriorment poder governar-lo.<br \/>\nHem dividit el territori en comunitats aut\u00f2nomes, prov\u00edncies, comarques i municipis, els quals tamb\u00e9 s\u00f3n inventats. Per definir la identitat&hellip;  <a href=\"https:\/\/agora.xtec.cat\/zercepdesis\/esc-mor\/creem-un-pais\/\" title=\"Read CREEM UN PA\u00cdS!\">Llegeix m\u00e9s\u00bb<\/a><\/p>\n","protected":false},"author":1,"featured_media":0,"comment_status":"open","ping_status":"closed","sticky":false,"template":"","format":"standard","meta":{"_bbp_topic_count":0,"_bbp_reply_count":0,"_bbp_total_topic_count":0,"_bbp_total_reply_count":0,"_bbp_voice_count":0,"_bbp_anonymous_reply_count":0,"_bbp_topic_count_hidden":0,"_bbp_reply_count_hidden":0,"_bbp_forum_subforum_count":0,"footnotes":""},"categories":[250,121],"tags":[253,254,196],"class_list":["post-3024","post","type-post","status-publish","format-standard","hentry","category-curs-2023-2024-sf-esc-mor","category-esc-mor","tag-curs-2023-2024-sf","tag-el-rusc-classe-gran","tag-escola-les-moreres"],"post_mailing_queue_ids":[],"_links":{"self":[{"href":"https:\/\/agora.xtec.cat\/zercepdesis\/wp-json\/wp\/v2\/posts\/3024","targetHints":{"allow":["GET"]}}],"collection":[{"href":"https:\/\/agora.xtec.cat\/zercepdesis\/wp-json\/wp\/v2\/posts"}],"about":[{"href":"https:\/\/agora.xtec.cat\/zercepdesis\/wp-json\/wp\/v2\/types\/post"}],"author":[{"embeddable":true,"href":"https:\/\/agora.xtec.cat\/zercepdesis\/wp-json\/wp\/v2\/users\/1"}],"replies":[{"embeddable":true,"href":"https:\/\/agora.xtec.cat\/zercepdesis\/wp-json\/wp\/v2\/comments?post=3024"}],"version-history":[{"count":1,"href":"https:\/\/agora.xtec.cat\/zercepdesis\/wp-json\/wp\/v2\/posts\/3024\/revisions"}],"predecessor-version":[{"id":3026,"href":"https:\/\/agora.xtec.cat\/zercepdesis\/wp-json\/wp\/v2\/posts\/3024\/revisions\/3026"}],"wp:attachment":[{"href":"https:\/\/agora.xtec.cat\/zercepdesis\/wp-json\/wp\/v2\/media?parent=3024"}],"wp:term":[{"taxonomy":"category","embeddable":true,"href":"https:\/\/agora.xtec.cat\/zercepdesis\/wp-json\/wp\/v2\/categories?post=3024"},{"taxonomy":"post_tag","embeddable":true,"href":"https:\/\/agora.xtec.cat\/zercepdesis\/wp-json\/wp\/v2\/tags?post=3024"}],"curies":[{"name":"wp","href":"https:\/\/api.w.org\/{rel}","templated":true}]}}