{"id":2993,"date":"2023-10-11T12:56:58","date_gmt":"2023-10-11T10:56:58","guid":{"rendered":"https:\/\/agora.xtec.cat\/zercepdesis\/?p=2993"},"modified":"2023-10-11T12:56:58","modified_gmt":"2023-10-11T10:56:58","slug":"mans-fines","status":"publish","type":"post","link":"https:\/\/agora.xtec.cat\/zercepdesis\/esc-viro\/mans-fines\/","title":{"rendered":"MANS FINES"},"content":{"rendered":"<p>Els dimecres a la tarda, les crispetes realitzen mans fines. Per dur a terme aquests tallers hem utilitzat elements i materials de la tardor.<\/p>\n<p>A trav\u00e9s d&#8217;aquesta activitat ens proposem:<\/p>\n<p>Treballar la precisi\u00f3, la for\u00e7a i la pressi\u00f3 fetes amb les mans i els dits<br \/>\nPotenciar la coordinaci\u00f3 de l&#8217;ull i de la m\u00e0.<br \/>\nOrdenar i classificar objectes i materials.<\/p>\n<p><a href=\"https:\/\/agora.xtec.cat\/zercepdesis\/wp-content\/uploads\/usu2412\/2023\/10\/ENTRADES-WEB-2023-2024.jpg\"><img loading=\"lazy\" decoding=\"async\" class=\"alignnone size-large wp-image-2994\" src=\"https:\/\/agora.xtec.cat\/zercepdesis\/wp-content\/uploads\/usu2412\/2023\/10\/ENTRADES-WEB-2023-2024-724x1024.jpg\" alt=\"\" width=\"724\" height=\"1024\" srcset=\"https:\/\/agora.xtec.cat\/zercepdesis\/wp-content\/uploads\/usu2412\/2023\/10\/ENTRADES-WEB-2023-2024-724x1024.jpg 724w, https:\/\/agora.xtec.cat\/zercepdesis\/wp-content\/uploads\/usu2412\/2023\/10\/ENTRADES-WEB-2023-2024-212x300.jpg 212w, https:\/\/agora.xtec.cat\/zercepdesis\/wp-content\/uploads\/usu2412\/2023\/10\/ENTRADES-WEB-2023-2024-768x1086.jpg 768w, https:\/\/agora.xtec.cat\/zercepdesis\/wp-content\/uploads\/usu2412\/2023\/10\/ENTRADES-WEB-2023-2024-1086x1536.jpg 1086w, https:\/\/agora.xtec.cat\/zercepdesis\/wp-content\/uploads\/usu2412\/2023\/10\/ENTRADES-WEB-2023-2024.jpg 1414w\" sizes=\"auto, (max-width: 724px) 100vw, 724px\" \/><\/a><\/p>\n","protected":false},"excerpt":{"rendered":"<p>Els dimecres a la tarda, les crispetes realitzen mans fines. Per dur a terme aquests tallers hem utilitzat elements i materials de la tardor.<br \/>\nA trav\u00e9s d&#8217;aquesta activitat ens proposem:<br \/>\nTreballar la precisi\u00f3, la for\u00e7a i la pressi\u00f3 fetes amb les mans i els dits<br \/>\nPotenciar la coordinaci\u00f3&hellip;  <a href=\"https:\/\/agora.xtec.cat\/zercepdesis\/esc-viro\/mans-fines\/\" title=\"Read MANS FINES\">Llegeix m\u00e9s\u00bb<\/a><\/p>\n","protected":false},"author":1,"featured_media":0,"comment_status":"open","ping_status":"closed","sticky":false,"template":"","format":"standard","meta":{"_bbp_topic_count":0,"_bbp_reply_count":0,"_bbp_total_topic_count":0,"_bbp_total_reply_count":0,"_bbp_voice_count":0,"_bbp_anonymous_reply_count":0,"_bbp_topic_count_hidden":0,"_bbp_reply_count_hidden":0,"_bbp_forum_subforum_count":0,"footnotes":""},"categories":[241,136],"tags":[246],"class_list":["post-2993","post","type-post","status-publish","format-standard","hentry","category-curs-2023-2024-pu","category-esc-viro","tag-classe-crispetes"],"post_mailing_queue_ids":[],"_links":{"self":[{"href":"https:\/\/agora.xtec.cat\/zercepdesis\/wp-json\/wp\/v2\/posts\/2993","targetHints":{"allow":["GET"]}}],"collection":[{"href":"https:\/\/agora.xtec.cat\/zercepdesis\/wp-json\/wp\/v2\/posts"}],"about":[{"href":"https:\/\/agora.xtec.cat\/zercepdesis\/wp-json\/wp\/v2\/types\/post"}],"author":[{"embeddable":true,"href":"https:\/\/agora.xtec.cat\/zercepdesis\/wp-json\/wp\/v2\/users\/1"}],"replies":[{"embeddable":true,"href":"https:\/\/agora.xtec.cat\/zercepdesis\/wp-json\/wp\/v2\/comments?post=2993"}],"version-history":[{"count":1,"href":"https:\/\/agora.xtec.cat\/zercepdesis\/wp-json\/wp\/v2\/posts\/2993\/revisions"}],"predecessor-version":[{"id":2995,"href":"https:\/\/agora.xtec.cat\/zercepdesis\/wp-json\/wp\/v2\/posts\/2993\/revisions\/2995"}],"wp:attachment":[{"href":"https:\/\/agora.xtec.cat\/zercepdesis\/wp-json\/wp\/v2\/media?parent=2993"}],"wp:term":[{"taxonomy":"category","embeddable":true,"href":"https:\/\/agora.xtec.cat\/zercepdesis\/wp-json\/wp\/v2\/categories?post=2993"},{"taxonomy":"post_tag","embeddable":true,"href":"https:\/\/agora.xtec.cat\/zercepdesis\/wp-json\/wp\/v2\/tags?post=2993"}],"curies":[{"name":"wp","href":"https:\/\/api.w.org\/{rel}","templated":true}]}}