{"id":2959,"date":"2023-09-13T13:13:14","date_gmt":"2023-09-13T11:13:14","guid":{"rendered":"https:\/\/agora.xtec.cat\/zercepdesis\/?p=2959"},"modified":"2023-09-13T13:13:14","modified_gmt":"2023-09-13T11:13:14","slug":"comenca-un-any-de-pel%c2%b7licula","status":"publish","type":"post","link":"https:\/\/agora.xtec.cat\/zercepdesis\/esc-viro\/comenca-un-any-de-pel%c2%b7licula\/","title":{"rendered":"COMEN\u00c7A UN ANY DE PEL\u00b7L\u00cdCULA!"},"content":{"rendered":"<p>Dimecres 6 de setembre, l\u2019Escola Virolai va iniciar el curs 2023-24. Vam retrobar-nos alumnes, fam\u00edlies i tot l\u2019equip, amb molta il\u00b7lusi\u00f3!<\/p>\n<p>Ja hem tornat a les rutines i al treball amb els infants de la nostra escola. Tornem a estar junts, a gaudir i a anticipar-nos a tot el que vindr\u00e0 per acompanyar als infants en el seu proc\u00e9s d\u2019aprenentatge.<\/p>\n<p>Els diversos grups s&#8217;han anat coneixent, coneixent-se i creant els vincles de retrobament i coneixen\u00e7a!<\/p>\n<p>Enguany el centre inter\u00e8s de la ZER \u00e9s el cinema, per aquest motiu donem per comen\u00e7at un any de pel\u00b7l\u00edcula! Us anirem mantenint informats!<\/p>\n<p><a href=\"https:\/\/agora.xtec.cat\/zercepdesis\/wp-content\/uploads\/usu2412\/2023\/09\/REUNIO-23-24-CM.jpg\"><img loading=\"lazy\" decoding=\"async\" class=\"alignnone size-large wp-image-2960\" src=\"https:\/\/agora.xtec.cat\/zercepdesis\/wp-content\/uploads\/usu2412\/2023\/09\/REUNIO-23-24-CM-1024x724.jpg\" alt=\"\" width=\"1024\" height=\"724\" srcset=\"https:\/\/agora.xtec.cat\/zercepdesis\/wp-content\/uploads\/usu2412\/2023\/09\/REUNIO-23-24-CM-1024x724.jpg 1024w, https:\/\/agora.xtec.cat\/zercepdesis\/wp-content\/uploads\/usu2412\/2023\/09\/REUNIO-23-24-CM-300x212.jpg 300w, https:\/\/agora.xtec.cat\/zercepdesis\/wp-content\/uploads\/usu2412\/2023\/09\/REUNIO-23-24-CM-768x543.jpg 768w, https:\/\/agora.xtec.cat\/zercepdesis\/wp-content\/uploads\/usu2412\/2023\/09\/REUNIO-23-24-CM-1536x1086.jpg 1536w, https:\/\/agora.xtec.cat\/zercepdesis\/wp-content\/uploads\/usu2412\/2023\/09\/REUNIO-23-24-CM.jpg 2000w\" sizes=\"auto, (max-width: 1024px) 100vw, 1024px\" \/><\/a><\/p>\n<p>&nbsp;<\/p>\n","protected":false},"excerpt":{"rendered":"<p>Dimecres 6 de setembre, l\u2019Escola Virolai va iniciar el curs 2023-24. Vam retrobar-nos alumnes, fam\u00edlies i tot l\u2019equip, amb molta il\u00b7lusi\u00f3!<br \/>\nJa hem tornat a les rutines i al treball amb els infants de la nostra escola. Tornem a estar junts, a gaudir i a anticipar-nos&hellip;  <a href=\"https:\/\/agora.xtec.cat\/zercepdesis\/esc-viro\/comenca-un-any-de-pel%c2%b7licula\/\" title=\"Read COMEN\u00c7A UN ANY DE PEL\u00b7L\u00cdCULA!\">Llegeix m\u00e9s\u00bb<\/a><\/p>\n","protected":false},"author":1,"featured_media":0,"comment_status":"open","ping_status":"closed","sticky":false,"template":"","format":"standard","meta":{"_bbp_topic_count":0,"_bbp_reply_count":0,"_bbp_total_topic_count":0,"_bbp_total_reply_count":0,"_bbp_voice_count":0,"_bbp_anonymous_reply_count":0,"_bbp_topic_count_hidden":0,"_bbp_reply_count_hidden":0,"_bbp_forum_subforum_count":0,"footnotes":""},"categories":[241,136],"tags":[],"class_list":["post-2959","post","type-post","status-publish","format-standard","hentry","category-curs-2023-2024-pu","category-esc-viro"],"post_mailing_queue_ids":[],"_links":{"self":[{"href":"https:\/\/agora.xtec.cat\/zercepdesis\/wp-json\/wp\/v2\/posts\/2959","targetHints":{"allow":["GET"]}}],"collection":[{"href":"https:\/\/agora.xtec.cat\/zercepdesis\/wp-json\/wp\/v2\/posts"}],"about":[{"href":"https:\/\/agora.xtec.cat\/zercepdesis\/wp-json\/wp\/v2\/types\/post"}],"author":[{"embeddable":true,"href":"https:\/\/agora.xtec.cat\/zercepdesis\/wp-json\/wp\/v2\/users\/1"}],"replies":[{"embeddable":true,"href":"https:\/\/agora.xtec.cat\/zercepdesis\/wp-json\/wp\/v2\/comments?post=2959"}],"version-history":[{"count":1,"href":"https:\/\/agora.xtec.cat\/zercepdesis\/wp-json\/wp\/v2\/posts\/2959\/revisions"}],"predecessor-version":[{"id":2961,"href":"https:\/\/agora.xtec.cat\/zercepdesis\/wp-json\/wp\/v2\/posts\/2959\/revisions\/2961"}],"wp:attachment":[{"href":"https:\/\/agora.xtec.cat\/zercepdesis\/wp-json\/wp\/v2\/media?parent=2959"}],"wp:term":[{"taxonomy":"category","embeddable":true,"href":"https:\/\/agora.xtec.cat\/zercepdesis\/wp-json\/wp\/v2\/categories?post=2959"},{"taxonomy":"post_tag","embeddable":true,"href":"https:\/\/agora.xtec.cat\/zercepdesis\/wp-json\/wp\/v2\/tags?post=2959"}],"curies":[{"name":"wp","href":"https:\/\/api.w.org\/{rel}","templated":true}]}}