{"id":2935,"date":"2023-06-06T14:26:05","date_gmt":"2023-06-06T12:26:05","guid":{"rendered":"https:\/\/agora.xtec.cat\/zercepdesis\/?p=2935"},"modified":"2023-06-06T14:26:05","modified_gmt":"2023-06-06T12:26:05","slug":"cantania","status":"publish","type":"post","link":"https:\/\/agora.xtec.cat\/zercepdesis\/zer\/cantania\/","title":{"rendered":"CANT\u00c0NIA"},"content":{"rendered":"<p>L&#8217;alumnat m\u00e9s gran de la ZER va participar a la Cant\u00e0nia d&#8217;enguany &#8220;les portes del m\u00f3n&#8221;. Va ser un dia genial i l&#8217;espectacle va ser preci\u00f3s. Aqu\u00ed us deixem el link perqu\u00e8 pugueu veure algunes imatges.<\/p>\n<blockquote class=\"wp-embedded-content\" data-secret=\"8fPuDocmRW\"><p><a href=\"https:\/\/www.rtvvilafranca.cat\/2023\/05\/aquesta-setmana-te-lloc-a-lauditori-de-vilafranca-la-32a-edicio-de-la-cantania\/\">Aquesta setmana t\u00e9 lloc a l\u2019Auditori de Vilafranca la 32a edici\u00f3 de la Cant\u00e0nia<\/a><\/p><\/blockquote>\n<p><iframe loading=\"lazy\" class=\"wp-embedded-content\" sandbox=\"allow-scripts\" security=\"restricted\" style=\"position: absolute; clip: rect(1px, 1px, 1px, 1px);\" title=\"&#8220;Aquesta setmana t\u00e9 lloc a l\u2019Auditori de Vilafranca la 32a edici\u00f3 de la Cant\u00e0nia&#8221; &#8212; RTVVilafranca\" src=\"https:\/\/www.rtvvilafranca.cat\/2023\/05\/aquesta-setmana-te-lloc-a-lauditori-de-vilafranca-la-32a-edicio-de-la-cantania\/embed\/#?secret=Yv2gv6MPX3#?secret=8fPuDocmRW\" data-secret=\"8fPuDocmRW\" width=\"500\" height=\"282\" frameborder=\"0\" marginwidth=\"0\" marginheight=\"0\" scrolling=\"no\"><\/iframe><\/p>\n<p>&nbsp;<\/p>\n","protected":false},"excerpt":{"rendered":"<p>L&#8217;alumnat m\u00e9s gran de la ZER va participar a la Cant\u00e0nia d&#8217;enguany &#8220;les portes del m\u00f3n&#8221;. Va ser un dia genial i l&#8217;espectacle va ser preci\u00f3s. Aqu\u00ed us deixem el link perqu\u00e8 pugueu veure algunes imatges.<br \/>\n<a href=\"https:\/\/www.rtvvilafranca.cat\/2023\/05\/aquesta-setmana-te-lloc-a-lauditori-de-vilafranca-la-32a-edicio-de-la-cantania\/\">Aquesta setmana t\u00e9 lloc a l\u2019Auditori de Vilafranca la&hellip;  <a href=\"https:\/\/agora.xtec.cat\/zercepdesis\/zer\/cantania\/\" title=\"Read CANT\u00c0NIA\">Llegeix m\u00e9s\u00bb<\/a><\/p>\n","protected":false},"author":1,"featured_media":0,"comment_status":"open","ping_status":"closed","sticky":false,"template":"","format":"standard","meta":{"_bbp_topic_count":0,"_bbp_reply_count":0,"_bbp_total_topic_count":0,"_bbp_total_reply_count":0,"_bbp_voice_count":0,"_bbp_anonymous_reply_count":0,"_bbp_topic_count_hidden":0,"_bbp_reply_count_hidden":0,"_bbp_forum_subforum_count":0,"footnotes":""},"categories":[1,219,224,121,136],"tags":[231],"class_list":["post-2935","post","type-post","status-publish","format-standard","hentry","category-zer","category-curs-2022-2023-pu","category-curs-2022-2023-sf","category-esc-mor","category-esc-viro","tag-zer-22-23"],"post_mailing_queue_ids":[],"_links":{"self":[{"href":"https:\/\/agora.xtec.cat\/zercepdesis\/wp-json\/wp\/v2\/posts\/2935","targetHints":{"allow":["GET"]}}],"collection":[{"href":"https:\/\/agora.xtec.cat\/zercepdesis\/wp-json\/wp\/v2\/posts"}],"about":[{"href":"https:\/\/agora.xtec.cat\/zercepdesis\/wp-json\/wp\/v2\/types\/post"}],"author":[{"embeddable":true,"href":"https:\/\/agora.xtec.cat\/zercepdesis\/wp-json\/wp\/v2\/users\/1"}],"replies":[{"embeddable":true,"href":"https:\/\/agora.xtec.cat\/zercepdesis\/wp-json\/wp\/v2\/comments?post=2935"}],"version-history":[{"count":1,"href":"https:\/\/agora.xtec.cat\/zercepdesis\/wp-json\/wp\/v2\/posts\/2935\/revisions"}],"predecessor-version":[{"id":2936,"href":"https:\/\/agora.xtec.cat\/zercepdesis\/wp-json\/wp\/v2\/posts\/2935\/revisions\/2936"}],"wp:attachment":[{"href":"https:\/\/agora.xtec.cat\/zercepdesis\/wp-json\/wp\/v2\/media?parent=2935"}],"wp:term":[{"taxonomy":"category","embeddable":true,"href":"https:\/\/agora.xtec.cat\/zercepdesis\/wp-json\/wp\/v2\/categories?post=2935"},{"taxonomy":"post_tag","embeddable":true,"href":"https:\/\/agora.xtec.cat\/zercepdesis\/wp-json\/wp\/v2\/tags?post=2935"}],"curies":[{"name":"wp","href":"https:\/\/api.w.org\/{rel}","templated":true}]}}