{"id":2913,"date":"2023-05-10T12:53:36","date_gmt":"2023-05-10T10:53:36","guid":{"rendered":"https:\/\/agora.xtec.cat\/zercepdesis\/?p=2913"},"modified":"2023-05-10T12:53:36","modified_gmt":"2023-05-10T10:53:36","slug":"els-cucs-de-terra","status":"publish","type":"post","link":"https:\/\/agora.xtec.cat\/zercepdesis\/esc-viro\/els-cucs-de-terra\/","title":{"rendered":"ELS CUCS DE TERRA"},"content":{"rendered":"<p>Aquest any hem observat que no hi ha cucs de seda a l&#8217;hort de l&#8217;escola.<\/p>\n<p>Est\u00e0vem treballant la terra i vam fer un forat i no n&#8217;hem vist cap ni un! N&#8217;hem parlat i hem arribat a la conclusi\u00f3 que \u00e9s degut a la sequera, ja que els cucs de terra necessiten un h\u00e0bitat molt humit per poder viure.<\/p>\n<p>Ens ha arribat una sorpresa a la classe,\u00a0una capsa\u00a0amb cucs de terra! Els hem observat i a partir d&#8217;aquesta viv\u00e8ncia seguirem\u00a0investigant els cucs de seda i\u00a0anirem compartint amb vosaltres\u00a0tot all\u00f2 que aprenem.<\/p>\n<p><a href=\"https:\/\/agora.xtec.cat\/zercepdesis\/wp-content\/uploads\/usu2412\/2023\/05\/CUCS-DE-TERRA.jpg\"><img loading=\"lazy\" decoding=\"async\" class=\"alignnone size-large wp-image-2914\" src=\"https:\/\/agora.xtec.cat\/zercepdesis\/wp-content\/uploads\/usu2412\/2023\/05\/CUCS-DE-TERRA-1024x724.jpg\" alt=\"\" width=\"1024\" height=\"724\" srcset=\"https:\/\/agora.xtec.cat\/zercepdesis\/wp-content\/uploads\/usu2412\/2023\/05\/CUCS-DE-TERRA-1024x724.jpg 1024w, https:\/\/agora.xtec.cat\/zercepdesis\/wp-content\/uploads\/usu2412\/2023\/05\/CUCS-DE-TERRA-300x212.jpg 300w, https:\/\/agora.xtec.cat\/zercepdesis\/wp-content\/uploads\/usu2412\/2023\/05\/CUCS-DE-TERRA-768x543.jpg 768w, https:\/\/agora.xtec.cat\/zercepdesis\/wp-content\/uploads\/usu2412\/2023\/05\/CUCS-DE-TERRA-1536x1086.jpg 1536w, https:\/\/agora.xtec.cat\/zercepdesis\/wp-content\/uploads\/usu2412\/2023\/05\/CUCS-DE-TERRA.jpg 2000w\" sizes=\"auto, (max-width: 1024px) 100vw, 1024px\" \/><\/a><\/p>\n","protected":false},"excerpt":{"rendered":"<p>Aquest any hem observat que no hi ha cucs de seda a l&#8217;hort de l&#8217;escola.<br \/>\nEst\u00e0vem treballant la terra i vam fer un forat i no n&#8217;hem vist cap ni un! N&#8217;hem parlat i hem arribat a la conclusi\u00f3 que \u00e9s degut a la sequera, ja&hellip;  <a href=\"https:\/\/agora.xtec.cat\/zercepdesis\/esc-viro\/els-cucs-de-terra\/\" title=\"Read ELS CUCS DE TERRA\">Llegeix m\u00e9s\u00bb<\/a><\/p>\n","protected":false},"author":1,"featured_media":0,"comment_status":"open","ping_status":"closed","sticky":false,"template":"","format":"standard","meta":{"_bbp_topic_count":0,"_bbp_reply_count":0,"_bbp_total_topic_count":0,"_bbp_total_reply_count":0,"_bbp_voice_count":0,"_bbp_anonymous_reply_count":0,"_bbp_topic_count_hidden":0,"_bbp_reply_count_hidden":0,"_bbp_forum_subforum_count":0,"footnotes":""},"categories":[219,136],"tags":[233],"class_list":["post-2913","post","type-post","status-publish","format-standard","hentry","category-curs-2022-2023-pu","category-esc-viro","tag-classe-dels-faraons-i-faraones"],"post_mailing_queue_ids":[],"_links":{"self":[{"href":"https:\/\/agora.xtec.cat\/zercepdesis\/wp-json\/wp\/v2\/posts\/2913","targetHints":{"allow":["GET"]}}],"collection":[{"href":"https:\/\/agora.xtec.cat\/zercepdesis\/wp-json\/wp\/v2\/posts"}],"about":[{"href":"https:\/\/agora.xtec.cat\/zercepdesis\/wp-json\/wp\/v2\/types\/post"}],"author":[{"embeddable":true,"href":"https:\/\/agora.xtec.cat\/zercepdesis\/wp-json\/wp\/v2\/users\/1"}],"replies":[{"embeddable":true,"href":"https:\/\/agora.xtec.cat\/zercepdesis\/wp-json\/wp\/v2\/comments?post=2913"}],"version-history":[{"count":1,"href":"https:\/\/agora.xtec.cat\/zercepdesis\/wp-json\/wp\/v2\/posts\/2913\/revisions"}],"predecessor-version":[{"id":2915,"href":"https:\/\/agora.xtec.cat\/zercepdesis\/wp-json\/wp\/v2\/posts\/2913\/revisions\/2915"}],"wp:attachment":[{"href":"https:\/\/agora.xtec.cat\/zercepdesis\/wp-json\/wp\/v2\/media?parent=2913"}],"wp:term":[{"taxonomy":"category","embeddable":true,"href":"https:\/\/agora.xtec.cat\/zercepdesis\/wp-json\/wp\/v2\/categories?post=2913"},{"taxonomy":"post_tag","embeddable":true,"href":"https:\/\/agora.xtec.cat\/zercepdesis\/wp-json\/wp\/v2\/tags?post=2913"}],"curies":[{"name":"wp","href":"https:\/\/api.w.org\/{rel}","templated":true}]}}