{"id":2859,"date":"2023-03-27T13:02:33","date_gmt":"2023-03-27T11:02:33","guid":{"rendered":"https:\/\/agora.xtec.cat\/zercepdesis\/?p=2859"},"modified":"2023-03-27T13:02:33","modified_gmt":"2023-03-27T11:02:33","slug":"la-vespa-asiatica","status":"publish","type":"post","link":"https:\/\/agora.xtec.cat\/zercepdesis\/esc-viro\/la-vespa-asiatica\/","title":{"rendered":"LA VESPA ASI\u00c0TICA"},"content":{"rendered":"<p>Divendres 24 de Mar\u00e7 va dur a terme una trampa contra la vespa velutina.<\/p>\n<p>Des de l&#8217;escola us animem a fer-ne, aquestes s\u00f3n les instruccions:<a href=\"https:\/\/agora.xtec.cat\/zercepdesis\/wp-content\/uploads\/usu2412\/2023\/03\/IMG-20230322-WA0000.jpg\"><img loading=\"lazy\" decoding=\"async\" class=\"wp-image-2860 aligncenter\" src=\"https:\/\/agora.xtec.cat\/zercepdesis\/wp-content\/uploads\/usu2412\/2023\/03\/IMG-20230322-WA0000-724x1024.jpg\" alt=\"\" width=\"454\" height=\"642\" srcset=\"https:\/\/agora.xtec.cat\/zercepdesis\/wp-content\/uploads\/usu2412\/2023\/03\/IMG-20230322-WA0000-724x1024.jpg 724w, https:\/\/agora.xtec.cat\/zercepdesis\/wp-content\/uploads\/usu2412\/2023\/03\/IMG-20230322-WA0000-212x300.jpg 212w, https:\/\/agora.xtec.cat\/zercepdesis\/wp-content\/uploads\/usu2412\/2023\/03\/IMG-20230322-WA0000-768x1086.jpg 768w, https:\/\/agora.xtec.cat\/zercepdesis\/wp-content\/uploads\/usu2412\/2023\/03\/IMG-20230322-WA0000-1086x1536.jpg 1086w, https:\/\/agora.xtec.cat\/zercepdesis\/wp-content\/uploads\/usu2412\/2023\/03\/IMG-20230322-WA0000.jpg 1131w\" sizes=\"auto, (max-width: 454px) 100vw, 454px\" \/><\/a><\/p>\n<p>Per qu\u00e8 hem dut a terme aquesta trampa?<\/p>\n<p style=\"text-align: justify;\">La vespa asi\u00e0tica s&#8217;est\u00e0 escampant per Catalunya i posa les abelles en perill. Aquesta vespa s&#8217;alimenta d&#8217;altres insectes, <strong>amb predilecci\u00f3 per les abelles.<\/strong> Segons els apicultors, s&#8217;ha est\u00e8s per tot Catalunya i la seva pres\u00e8ncia s&#8217;ha disparat.<\/p>\n<p>Les abelles s\u00f3n una esp\u00e8cie que ens aporten una gran quantitat de beneficis, ja sigui en forma de mel, productes de bellesa per al cos, la pol\u00b7linitzaci\u00f3 de l&#8217;entorn o ter\u00e0pies que poden millorar la nostra salut. L&#8217;aparici\u00f3 de la\u00a0<strong>vespa asi\u00e0tica<\/strong>,<strong>\u00a0o vespa velutina<\/strong>, est\u00e0 perjudicant les explotacions ap\u00edcoles.<\/p>\n<p>A petita escala no ens afecta directament, per\u00f2 la vespa invasora fa que hi hagi un impacte greu per a la biodiversitat.<\/p>\n<p>Us animem a produir aquestes trampes, seguint les instruccions, per reduir que la vespa reina surti a buscar material per construir el vesper que ho fan durant la primavera.<\/p>\n<p><a href=\"https:\/\/agora.xtec.cat\/zercepdesis\/wp-content\/uploads\/usu2412\/2023\/03\/Copia-de-Fotos-hivern.jpg\"><img loading=\"lazy\" decoding=\"async\" class=\"wp-image-2862 aligncenter\" src=\"https:\/\/agora.xtec.cat\/zercepdesis\/wp-content\/uploads\/usu2412\/2023\/03\/Copia-de-Fotos-hivern-724x1024.jpg\" alt=\"\" width=\"543\" height=\"768\" srcset=\"https:\/\/agora.xtec.cat\/zercepdesis\/wp-content\/uploads\/usu2412\/2023\/03\/Copia-de-Fotos-hivern-724x1024.jpg 724w, https:\/\/agora.xtec.cat\/zercepdesis\/wp-content\/uploads\/usu2412\/2023\/03\/Copia-de-Fotos-hivern-212x300.jpg 212w, https:\/\/agora.xtec.cat\/zercepdesis\/wp-content\/uploads\/usu2412\/2023\/03\/Copia-de-Fotos-hivern-768x1086.jpg 768w, https:\/\/agora.xtec.cat\/zercepdesis\/wp-content\/uploads\/usu2412\/2023\/03\/Copia-de-Fotos-hivern-1086x1536.jpg 1086w, https:\/\/agora.xtec.cat\/zercepdesis\/wp-content\/uploads\/usu2412\/2023\/03\/Copia-de-Fotos-hivern.jpg 1414w\" sizes=\"auto, (max-width: 543px) 100vw, 543px\" \/><\/a><\/p>\n<p><a href=\"https:\/\/agora.xtec.cat\/zercepdesis\/wp-content\/uploads\/usu2412\/2023\/03\/2-2.jpg\"><img loading=\"lazy\" decoding=\"async\" class=\"wp-image-2863 aligncenter\" src=\"https:\/\/agora.xtec.cat\/zercepdesis\/wp-content\/uploads\/usu2412\/2023\/03\/2-2-724x1024.jpg\" alt=\"\" width=\"608\" height=\"860\" srcset=\"https:\/\/agora.xtec.cat\/zercepdesis\/wp-content\/uploads\/usu2412\/2023\/03\/2-2-724x1024.jpg 724w, https:\/\/agora.xtec.cat\/zercepdesis\/wp-content\/uploads\/usu2412\/2023\/03\/2-2-212x300.jpg 212w, https:\/\/agora.xtec.cat\/zercepdesis\/wp-content\/uploads\/usu2412\/2023\/03\/2-2-768x1086.jpg 768w, https:\/\/agora.xtec.cat\/zercepdesis\/wp-content\/uploads\/usu2412\/2023\/03\/2-2-1086x1536.jpg 1086w, https:\/\/agora.xtec.cat\/zercepdesis\/wp-content\/uploads\/usu2412\/2023\/03\/2-2.jpg 1414w\" sizes=\"auto, (max-width: 608px) 100vw, 608px\" \/><\/a><\/p>\n","protected":false},"excerpt":{"rendered":"<p>Divendres 24 de Mar\u00e7 va dur a terme una trampa contra la vespa velutina.<br \/>\nDes de l&#8217;escola us animem a fer-ne, aquestes s\u00f3n les instruccions:<a href=\"https:\/\/agora.xtec.cat\/zercepdesis\/wp-content\/uploads\/usu2412\/2023\/03\/IMG-20230322-WA0000.jpg\"><\/a><br \/>\nPer qu\u00e8 hem dut a terme aquesta trampa?<br \/>\nLa vespa asi\u00e0tica s&#8217;est\u00e0 escampant per Catalunya i posa les abelles en perill. Aquesta&hellip;  <a href=\"https:\/\/agora.xtec.cat\/zercepdesis\/esc-viro\/la-vespa-asiatica\/\" title=\"Read LA VESPA ASI\u00c0TICA\">Llegeix m\u00e9s\u00bb<\/a><\/p>\n","protected":false},"author":1,"featured_media":0,"comment_status":"open","ping_status":"closed","sticky":false,"template":"","format":"standard","meta":{"_bbp_topic_count":0,"_bbp_reply_count":0,"_bbp_total_topic_count":0,"_bbp_total_reply_count":0,"_bbp_voice_count":0,"_bbp_anonymous_reply_count":0,"_bbp_topic_count_hidden":0,"_bbp_reply_count_hidden":0,"_bbp_forum_subforum_count":0,"footnotes":""},"categories":[219,136],"tags":[234,230,233,229],"class_list":["post-2859","post","type-post","status-publish","format-standard","hentry","category-curs-2022-2023-pu","category-esc-viro","tag-classe-de-les-polis-gregues","tag-classe-dels-egipcis-i-egipcies","tag-classe-dels-faraons-i-faraones","tag-classe-dels-romans-i-romanes"],"post_mailing_queue_ids":[],"_links":{"self":[{"href":"https:\/\/agora.xtec.cat\/zercepdesis\/wp-json\/wp\/v2\/posts\/2859","targetHints":{"allow":["GET"]}}],"collection":[{"href":"https:\/\/agora.xtec.cat\/zercepdesis\/wp-json\/wp\/v2\/posts"}],"about":[{"href":"https:\/\/agora.xtec.cat\/zercepdesis\/wp-json\/wp\/v2\/types\/post"}],"author":[{"embeddable":true,"href":"https:\/\/agora.xtec.cat\/zercepdesis\/wp-json\/wp\/v2\/users\/1"}],"replies":[{"embeddable":true,"href":"https:\/\/agora.xtec.cat\/zercepdesis\/wp-json\/wp\/v2\/comments?post=2859"}],"version-history":[{"count":1,"href":"https:\/\/agora.xtec.cat\/zercepdesis\/wp-json\/wp\/v2\/posts\/2859\/revisions"}],"predecessor-version":[{"id":2864,"href":"https:\/\/agora.xtec.cat\/zercepdesis\/wp-json\/wp\/v2\/posts\/2859\/revisions\/2864"}],"wp:attachment":[{"href":"https:\/\/agora.xtec.cat\/zercepdesis\/wp-json\/wp\/v2\/media?parent=2859"}],"wp:term":[{"taxonomy":"category","embeddable":true,"href":"https:\/\/agora.xtec.cat\/zercepdesis\/wp-json\/wp\/v2\/categories?post=2859"},{"taxonomy":"post_tag","embeddable":true,"href":"https:\/\/agora.xtec.cat\/zercepdesis\/wp-json\/wp\/v2\/tags?post=2859"}],"curies":[{"name":"wp","href":"https:\/\/api.w.org\/{rel}","templated":true}]}}