{"id":2847,"date":"2023-03-24T09:54:03","date_gmt":"2023-03-24T08:54:03","guid":{"rendered":"https:\/\/agora.xtec.cat\/zercepdesis\/?p=2847"},"modified":"2023-03-24T09:54:03","modified_gmt":"2023-03-24T08:54:03","slug":"jo-trio-art","status":"publish","type":"post","link":"https:\/\/agora.xtec.cat\/zercepdesis\/esc-mor\/jo-trio-art\/","title":{"rendered":"JO TRIO ART!"},"content":{"rendered":"<p>Durant l&#8217;estona de &#8220;Jo trio&#8221; tamb\u00e9 tenim propostes d&#8217;art. Aquesta setmana els grans hem reprodu\u00eft objectes amb miniatura utilitzant plastilina, i les nenes i els nens de la classe del Parellot hem fet art ef\u00edmer.<\/p>\n<p>Mireu que bonic!<\/p>\n<p><a href=\"https:\/\/agora.xtec.cat\/zercepdesis\/wp-content\/uploads\/usu2412\/2023\/03\/Grey-Brown-Minimalist-Interior-Photo-Collage-1.jpg\"><img loading=\"lazy\" decoding=\"async\" class=\"alignnone size-large wp-image-2848\" src=\"https:\/\/agora.xtec.cat\/zercepdesis\/wp-content\/uploads\/usu2412\/2023\/03\/Grey-Brown-Minimalist-Interior-Photo-Collage-1-1024x655.jpg\" alt=\"\" width=\"1024\" height=\"655\" srcset=\"https:\/\/agora.xtec.cat\/zercepdesis\/wp-content\/uploads\/usu2412\/2023\/03\/Grey-Brown-Minimalist-Interior-Photo-Collage-1-1024x655.jpg 1024w, https:\/\/agora.xtec.cat\/zercepdesis\/wp-content\/uploads\/usu2412\/2023\/03\/Grey-Brown-Minimalist-Interior-Photo-Collage-1-300x192.jpg 300w, https:\/\/agora.xtec.cat\/zercepdesis\/wp-content\/uploads\/usu2412\/2023\/03\/Grey-Brown-Minimalist-Interior-Photo-Collage-1-768x491.jpg 768w, https:\/\/agora.xtec.cat\/zercepdesis\/wp-content\/uploads\/usu2412\/2023\/03\/Grey-Brown-Minimalist-Interior-Photo-Collage-1-1536x982.jpg 1536w, https:\/\/agora.xtec.cat\/zercepdesis\/wp-content\/uploads\/usu2412\/2023\/03\/Grey-Brown-Minimalist-Interior-Photo-Collage-1.jpg 1797w\" sizes=\"auto, (max-width: 1024px) 100vw, 1024px\" \/><\/a><\/p>\n","protected":false},"excerpt":{"rendered":"<p>Durant l&#8217;estona de &#8220;Jo trio&#8221; tamb\u00e9 tenim propostes d&#8217;art. Aquesta setmana els grans hem reprodu\u00eft objectes amb miniatura utilitzant plastilina, i les nenes i els nens de la classe del Parellot hem fet art ef\u00edmer.<br \/>\nMireu que bonic!<br \/>\n<a href=\"https:\/\/agora.xtec.cat\/zercepdesis\/wp-content\/uploads\/usu2412\/2023\/03\/Grey-Brown-Minimalist-Interior-Photo-Collage-1.jpg\"><\/a><\/p>\n","protected":false},"author":1,"featured_media":0,"comment_status":"open","ping_status":"closed","sticky":false,"template":"","format":"standard","meta":{"_bbp_topic_count":0,"_bbp_reply_count":0,"_bbp_total_topic_count":0,"_bbp_total_reply_count":0,"_bbp_voice_count":0,"_bbp_anonymous_reply_count":0,"_bbp_topic_count_hidden":0,"_bbp_reply_count_hidden":0,"_bbp_forum_subforum_count":0,"footnotes":""},"categories":[224,121],"tags":[220,196,226,222],"class_list":["post-2847","post","type-post","status-publish","format-standard","hentry","category-curs-2022-2023-sf","category-esc-mor","tag-curs-2022-2023-sf","tag-escola-les-moreres","tag-la-classe-dels-gatets-parellot","tag-la-imaginacio-classe-gran"],"post_mailing_queue_ids":[],"_links":{"self":[{"href":"https:\/\/agora.xtec.cat\/zercepdesis\/wp-json\/wp\/v2\/posts\/2847","targetHints":{"allow":["GET"]}}],"collection":[{"href":"https:\/\/agora.xtec.cat\/zercepdesis\/wp-json\/wp\/v2\/posts"}],"about":[{"href":"https:\/\/agora.xtec.cat\/zercepdesis\/wp-json\/wp\/v2\/types\/post"}],"author":[{"embeddable":true,"href":"https:\/\/agora.xtec.cat\/zercepdesis\/wp-json\/wp\/v2\/users\/1"}],"replies":[{"embeddable":true,"href":"https:\/\/agora.xtec.cat\/zercepdesis\/wp-json\/wp\/v2\/comments?post=2847"}],"version-history":[{"count":1,"href":"https:\/\/agora.xtec.cat\/zercepdesis\/wp-json\/wp\/v2\/posts\/2847\/revisions"}],"predecessor-version":[{"id":2849,"href":"https:\/\/agora.xtec.cat\/zercepdesis\/wp-json\/wp\/v2\/posts\/2847\/revisions\/2849"}],"wp:attachment":[{"href":"https:\/\/agora.xtec.cat\/zercepdesis\/wp-json\/wp\/v2\/media?parent=2847"}],"wp:term":[{"taxonomy":"category","embeddable":true,"href":"https:\/\/agora.xtec.cat\/zercepdesis\/wp-json\/wp\/v2\/categories?post=2847"},{"taxonomy":"post_tag","embeddable":true,"href":"https:\/\/agora.xtec.cat\/zercepdesis\/wp-json\/wp\/v2\/tags?post=2847"}],"curies":[{"name":"wp","href":"https:\/\/api.w.org\/{rel}","templated":true}]}}